{"id":902,"date":"2010-03-10T15:16:14","date_gmt":"2010-03-10T15:16:14","guid":{"rendered":"https:\/\/hostsharing.gallehr.de\/WP\/?p=902"},"modified":"2021-07-02T10:29:02","modified_gmt":"2021-07-02T08:29:02","slug":"deutsch-eu-ets-seit-dem-18-02-2010-mussen-alle-monitoringkonzepte-von-den-landesbehorden-gepruft-und-genehmigt-werden-lesen-sie-im-gallehrpartner-infobrief-02-2010-uber-die-konsequenzen-dieses-ur","status":"publish","type":"post","link":"https:\/\/www.gallehr.de\/de\/deutsch-eu-ets-seit-dem-18-02-2010-mussen-alle-monitoringkonzepte-von-den-landesbehorden-gepruft-und-genehmigt-werden-lesen-sie-im-gallehrpartner-infobrief-02-2010-uber-die-konsequenzen-dieses-ur\/","title":{"rendered":"EU-ETS: Seit dem 18.02.2010 m\u00fcssen alle Monitoringkonzepte von den Landesbeh\u00f6rden gepr\u00fcft und genehmigt werden. Lesen Sie im GALLEHR+PARTNER Infobrief 02-2010 \u00fcber die Konsequenzen dieses Urteils f\u00fcr Anlagenbetreiber"},"content":{"rendered":"<p>Seit dem 18. Februar 2010 sind die Landesbeh\u00f6rden durch das Urteil des Bundesverwaltungsgerichts verpflichtet, jedes Monitoringkonzept zupr\u00fcfen undzu genehmigen. Nur genehmigte Monitoringkonzepte d\u00fcrfen als Grundlagezur Erstellung der Emissionsberichte herangezogen werden.<\/p>\n<p>In den letzten Wochen gab es einige Diskussionen dar\u00fcber, welcheKonsequenzen -positiv oder negativ- dieses, f\u00fcr die Landesbeh\u00f6rden verbindlicheUrteil f\u00fcr die Belastbarkeit der bisherigen Monitoring-konzepte derAnlagenbetreiberhat.<\/p>\n<p>Da aus Sicht von GALLEHR+PARTNER die Antwort auf diese Fragenweitgehend nuraus juristischer Sicht gegeben werden kann, beinhaltet dieser<a title=\"Link zum Infobrief 02\/2010\" href=\"https:\/\/www.gallehr.de\/WP\/?wpfb_dl=8\"> GALLEHR+PARTNER Infobrief 02-2010<\/a> einen Gastbeitrag von Rechtsanwalt Dr. Markus Ehrmann der Kanzlei SCHOLTKA &amp; PARTNER Rechtsanw\u00e4lte.<\/p>\n","protected":false},"excerpt":{"rendered":"<p>Seit dem 18. Februar 2010 sind die Landesbeh\u00f6rden durch das Urteil des Bundesverwaltungsgerichts verpflichtet, jedes Monitoringkonzept zupr\u00fcfen undzu genehmigen. Nur [&hellip;]<\/p>\n","protected":false},"author":2,"featured_media":0,"comment_status":"closed","ping_status":"closed","sticky":false,"template":"","format":"standard","meta":{"footnotes":""},"categories":[178],"tags":[],"class_list":["post-902","post","type-post","status-publish","format-standard","hentry","category-archiv"],"_links":{"self":[{"href":"https:\/\/www.gallehr.de\/de\/wp-json\/wp\/v2\/posts\/902","targetHints":{"allow":["GET"]}}],"collection":[{"href":"https:\/\/www.gallehr.de\/de\/wp-json\/wp\/v2\/posts"}],"about":[{"href":"https:\/\/www.gallehr.de\/de\/wp-json\/wp\/v2\/types\/post"}],"author":[{"embeddable":true,"href":"https:\/\/www.gallehr.de\/de\/wp-json\/wp\/v2\/users\/2"}],"replies":[{"embeddable":true,"href":"https:\/\/www.gallehr.de\/de\/wp-json\/wp\/v2\/comments?post=902"}],"version-history":[{"count":0,"href":"https:\/\/www.gallehr.de\/de\/wp-json\/wp\/v2\/posts\/902\/revisions"}],"wp:attachment":[{"href":"https:\/\/www.gallehr.de\/de\/wp-json\/wp\/v2\/media?parent=902"}],"wp:term":[{"taxonomy":"category","embeddable":true,"href":"https:\/\/www.gallehr.de\/de\/wp-json\/wp\/v2\/categories?post=902"},{"taxonomy":"post_tag","embeddable":true,"href":"https:\/\/www.gallehr.de\/de\/wp-json\/wp\/v2\/tags?post=902"}],"curies":[{"name":"wp","href":"https:\/\/api.w.org\/{rel}","templated":true}]}}