{"id":893,"date":"2009-07-03T15:07:25","date_gmt":"2009-07-03T15:07:25","guid":{"rendered":"https:\/\/hostsharing.gallehr.de\/WP\/?p=893"},"modified":"2026-02-03T17:38:24","modified_gmt":"2026-02-03T16:38:24","slug":"deutsch-aktuelle-liste-der-vom-emissionshandel-betroffenen-flugverkehrsunternehmen-ist-veroffentlicht","status":"publish","type":"post","link":"https:\/\/www.gallehr.de\/de\/deutsch-aktuelle-liste-der-vom-emissionshandel-betroffenen-flugverkehrsunternehmen-ist-veroffentlicht\/","title":{"rendered":"Aktuelle Liste der vom Emissionshandel betroffenen Flugverkehrsunternehmen ist ver\u00f6ffentlicht"},"content":{"rendered":"<p>Die neue Liste der vom Europ\u00e4ischen Emissionshandel betroffenen Flugverkehrsunternehmen ist heute ver\u00f6ffentlicht worden und steht zum freien Download\u00a0<a href=\"http:\/\/eur-lex.europa.eu\/LexUriServ\/LexUriServ.do?uri=OJ:L:2009:219:0001:0094:DE:PDF\" target=\"_blank\" rel=\"noopener\">hier<\/a>\u00a0zur Verf\u00fcgung<\/p>\n<p>Entgegen der bisherigen Information sind jetzt ca. 1 400 Unternehmen mehr verpflichtet am Europ\u00e4ischen Emissionshandel teilzunehmen.<\/p>\n<p>Auch wenn einige Mitgliedsstaaten den Zeitpunkt der Abgabe der Monitoringpl\u00e4ne verschoben haben, empfiehlt GALLEHR+PARTNER trotzdem jedem Unternemen die Monitoringpl\u00e4ne auch l\u00fcckenhaft bis zum 31. August 2009 an die zust\u00e4ndige Beh\u00f6rde zu \u00fcbermitteln um sich die freie Zuteilung von Emissionsberechtigungen bis 2020 zu sichern.<\/p>\n","protected":false},"excerpt":{"rendered":"<p>Die neue Liste der vom Europ\u00e4ischen Emissionshandel betroffenen Flugverkehrsunternehmen ist heute ver\u00f6ffentlicht worden und steht zum freien Download\u00a0hier\u00a0zur Verf\u00fcgung Entgegen [&hellip;]<\/p>\n","protected":false},"author":2,"featured_media":0,"comment_status":"closed","ping_status":"closed","sticky":false,"template":"","format":"standard","meta":{"footnotes":""},"categories":[837,180,178],"tags":[933],"class_list":["post-893","post","type-post","status-publish","format-standard","hentry","category-emissionshandel","category-news","category-archiv","tag-flugverkehr"],"_links":{"self":[{"href":"https:\/\/www.gallehr.de\/de\/wp-json\/wp\/v2\/posts\/893","targetHints":{"allow":["GET"]}}],"collection":[{"href":"https:\/\/www.gallehr.de\/de\/wp-json\/wp\/v2\/posts"}],"about":[{"href":"https:\/\/www.gallehr.de\/de\/wp-json\/wp\/v2\/types\/post"}],"author":[{"embeddable":true,"href":"https:\/\/www.gallehr.de\/de\/wp-json\/wp\/v2\/users\/2"}],"replies":[{"embeddable":true,"href":"https:\/\/www.gallehr.de\/de\/wp-json\/wp\/v2\/comments?post=893"}],"version-history":[{"count":0,"href":"https:\/\/www.gallehr.de\/de\/wp-json\/wp\/v2\/posts\/893\/revisions"}],"wp:attachment":[{"href":"https:\/\/www.gallehr.de\/de\/wp-json\/wp\/v2\/media?parent=893"}],"wp:term":[{"taxonomy":"category","embeddable":true,"href":"https:\/\/www.gallehr.de\/de\/wp-json\/wp\/v2\/categories?post=893"},{"taxonomy":"post_tag","embeddable":true,"href":"https:\/\/www.gallehr.de\/de\/wp-json\/wp\/v2\/tags?post=893"}],"curies":[{"name":"wp","href":"https:\/\/api.w.org\/{rel}","templated":true}]}}