{"id":88720,"date":"2025-12-15T16:53:28","date_gmt":"2025-12-15T15:53:28","guid":{"rendered":"https:\/\/www.gallehr.de\/?p=88720"},"modified":"2025-12-15T16:57:23","modified_gmt":"2025-12-15T15:57:23","slug":"wir-suchen-sie-als-industrieberaterin-energie-und-verfahrenstechnik-w-m-d","status":"publish","type":"post","link":"https:\/\/www.gallehr.de\/de\/wir-suchen-sie-als-industrieberaterin-energie-und-verfahrenstechnik-w-m-d\/","title":{"rendered":"Wir suchen Sie als Industrieberater*in Energie- und Verfahrenstechnik (w\/m\/d)"},"content":{"rendered":"<div class=\"wpb-content-wrapper\"><p>[vc_row][vc_column width=&#8220;1\/1&#8243;][vc_column_text uncode_shortcode_id=&#8220;938287&#8243;]<\/p>\n<h1><strong>Werde Teil der Familie, willkommen bei GALLEHR+PARTNE<\/strong><strong>R<sup>\u00ae<\/sup><\/strong><strong> !<\/strong><\/h1>\n<p class=\"western\">M\u00f6chten Sie Industrieunternehmen auf ihrem Weg in eine klimaneutrale, kreislaufwirtschaftliche und erneuerbare Zukunft unterst\u00fctzen? Als \u201eLotsen f\u00fcr die Industrie\u201c begleiten wir unsere Kunden in eine ressourceneffiziente Zukunft und bieten ma\u00dfgeschneiderte L\u00f6sungen statt Produkte \u201evon der Stange\u201c. Wir haben uns auf Klimaschutz-, Energieeffizienz- und nachhaltige Energiebeschaffungs-Dienstleistungen spezialisiert.<\/p>\n<p class=\"western\">Unser Team ist \u201epurpose driven\u201c, aber explizit partei- und ideologieunabh\u00e4ngig, kreativ und famili\u00e4r. Wir setzen konsequent auf unsere eigene, in Deutschland gehostete IT- und Cloud-Infrastruktur.<\/p>\n<hr>\n<h3 class=\"western\" style=\"text-align: center;\">Wir suchen zur Verst\u00e4rkung unseres Teams am Standort Karben eine engagierte Pers\u00f6nlichkeit als:<\/h3>\n<h2 class=\"western\" style=\"text-align: center;\">Industrieberater*in Energie- und Verfahrenstechnik (w\/m\/d)<\/h2>\n<hr>\n<h2 style=\"text-align: left;\">Ihre Aufgaben:<\/h2>\n<p>Sie unterst\u00fctzen unsere Kunden und Projekte als \u201eTrusted Advisor\u201c in verschiedenen Themenstellungen. Ihre Hauptaufgaben umfassen:<\/p>\n<ul>\n<li><strong>Analyse der Ausgangssituation:<\/strong> Sie nehmen bestehende technische Strukturen (energie- und treibhausgasrelevante Prozesse) auf und analysieren diese. Dabei ordnen Sie die regulatorischen Rahmenbedingungen (z. B. EU ETS, Genehmigungs und Beihilfesysteme) im Kontext der jeweiligen Systemgrenze ein und erstellen pr\u00fcfungsf\u00e4hige Energie- und Treibhausgasbilanzen.<\/li>\n<li><strong>Entwicklung von Transformationsoptionen:<\/strong> Sie erarbeiten \u00f6konomisch und technisch tragf\u00e4hige Alternativen zur Reduktion von CO\u2082-Emissionen und zur De-Fossilisierung. Dabei ber\u00fccksichtigen Sie die gesamte Prozesskette vom Energieeinsatz bis zum Endprodukt.<\/li>\n<li><strong>Machbarkeitsstudien:<\/strong> Sie konzipieren und f\u00fchren Machbarkeitsstudien durch, strukturieren Ergebnisse in Entscheidungsvorlagen und bereiten Investitionsentscheidungen vor.<\/li>\n<li><strong>Integration von F\u00f6rdermitteln:<\/strong> Sie identifizieren relevante F\u00f6rderinstrumente (z. B. CO<sub>2<\/sub>-Differenzvertr\u00e4ge) und binden diese in die Projektbewertung ein, um Projekte wirtschaftlich darstellbar zu machen.<\/li>\n<li><strong>Bewertung von Risiken:<\/strong> Sie identifizieren Auswirkungen auf Versorgungssicherheit und Produktqualit\u00e4t und beurteilen projektspezifische Risiken transparent.<\/li>\n<li><strong>Projektmanagement &amp; Koordination:<\/strong> Sie stimmen sich mit internen und externen Expert*innen (Controlling, Gutachter*innen, Anw\u00e4lt*innen) ab und stellen sicher, dass Ergebnisse belastbar und pr\u00fcf- und entscheidungsf\u00e4hig sind.<\/li>\n<\/ul>\n<h2>Ihr Profil:<\/h2>\n<p>Wir suchen jemanden, der souver\u00e4n gegen\u00fcber den Kunden ist, Orientierung gibt und bereit ist, sich in komplexe Themen einzuarbeiten:<\/p>\n<ul>\n<li><strong>Ausbildung:<\/strong> Bevorzugt abgeschlossenes Studium mit technischen und betriebswirtschaftlichen Inhalten. Insbesondere Wirtschaftsingenieurwesen (Schwerpunkt Energie- und Verfahrenstechnik\/Energiewirtschaft) oder ein technisches Ingenieursstudium mit energiewirtschaftlicher Zusatzqualifikation.<\/li>\n<li><strong>Erfahrung:<\/strong> Idealerweise 3\u20135 Jahre Berufserfahrung. Wiedereinsteiger:innen nach Elternzeit oder Sabbatical sind willkommen.<\/li>\n<li><strong>Fachliche F\u00e4higkeiten:<\/strong>\n<ul>\n<li>F\u00e4higkeit, Anlagen- und Prozesskonfigurationen zu erfassen und Transformations- sowie Dekarbonisierungsoptionen zu bewerten.<\/li>\n<li>Gutes Verst\u00e4ndnis von Energie- und Versorgungssystemen.<\/li>\n<li>Gutes Verst\u00e4ndnis von betriebswirtschaftlichen Zusammenh\u00e4ngen zur Bewertung von Investitionen<\/li>\n<li>Exzellente Excel-Kenntnisse.<\/li>\n<li>Interesse daran, Gesetzestexte, ISO-Normen, Leitf\u00e4den und Beh\u00f6rdenhandb\u00fccher f\u00fcr kundenspezifische Anforderungen auszulegen.<\/li>\n<\/ul>\n<\/li>\n<li><strong>Pers\u00f6nlichkeit<\/strong>: Sie arbeiten zuverl\u00e4ssig, eigenverantwortlich und ergebnisorientiert. Sie besitzen eine hohe Probleml\u00f6sef\u00e4higkeit und k\u00f6nnen Ihre \u00dcberzeugungen klar vertreten, respektieren aber auch andere Meinungen..<\/li>\n<li><strong>Sprachen:<\/strong> Verhandlungssicheres Deutsch in Wort und Schrift; Englisch konversationssicher.<\/li>\n<\/ul>\n<h2>Was wir Ihnen bieten:<\/h2>\n<ul>\n<li><strong>Kultur &amp; Umfeld:<\/strong> Wir sind ein engagiertes, kompetentes Team mit flachen Hierarchien, in dem Ideen gesch\u00e4tzt, Entscheidungen schnell getroffen und Kreativit\u00e4t sowie die berufliche Weiterentwicklung aktiv gef\u00f6rdert werden. Wir leben eine offene Fehlerkultur und einen ehrlichen Umgang.<\/li>\n<li><strong>Flexibilit\u00e4t<\/strong>: Arbeitszeiten k\u00f6nnen flexibel an den eigenen Biorhythmus angepasst werden. Wir bieten M\u00f6glichkeiten zum mobilen Arbeiten bei gleichzeitiger Wahrung pers\u00f6nlicher Treffen..<\/li>\n<li><strong>Mobilit\u00e4t &amp; Benefits:<\/strong>\n<ul>\n<li>Kostenloses \u201eDeutschlandticket\u201c und Bahncard 50.<\/li>\n<li>M\u00f6glichkeit, das Elektroauto\/E-Bike kostenfrei zu laden.<\/li>\n<li>Steuerfreie Sachbezugskarte (50 EUR\/Monat)..<\/li>\n<\/ul>\n<\/li>\n<li><strong>Entwicklung:<\/strong> Sie profitieren von unserem weitreichenden Netzwerk im internationalen Klimaschutz, in Verb\u00e4nden, mit Expert*innen und in der Politik und arbeiten abwechslungsreich mit internationalen Unternehmen zusammen, die Sie bei der Erreichung ihrer Klimaschutzziele unterst\u00fctzen.<br \/>\nWir f\u00f6rdern Ihre Weiterbildung aktiv.<br \/>\nWer Verantwortung \u00fcbernehmen m\u00f6chte, bekommt schnell die M\u00f6glichkeit dazu.<\/li>\n<li>Und weil Arbeiten auch Spa\u00df machen darf: Wir kochen gerne gemeinsam (Zutaten werden gestellt).<\/li>\n<\/ul>\n<p>Die Stelle ist unbefristet und ab sofort verf\u00fcgbar (Vollzeit oder vollzeitnahe Teilzeit).<\/p>\n<h2>Kontakt:<\/h2>\n<p>M\u00f6chten Sie daran mitarbeiten, dass Industrieunternehmen Teil der L\u00f6sung werden?<br \/>\nDann freuen wir uns auf Ihre Bewerbung per E-Mail an <a href=\"mailto:bewerbung@gallehr.de\" target=\"_blank\" rel=\"noopener\">bewerbung@gallehr.de<\/a> .<br \/>\nF\u00fcr Fragen stehen wir Ihnen telefonisch unter <strong>+49 6039 926 3686<\/strong> zur Verf\u00fcgung.<\/p>\n<h2><\/h2>\n<p>&nbsp;<\/p>\n<p>&nbsp;<\/p>\n<p>&nbsp;<\/p>\n<p>&nbsp;[\/vc_column_text][\/vc_column][\/vc_row]<\/p>\n<\/div>","protected":false},"excerpt":{"rendered":"<p>[vc_row][vc_column width=&#8220;1\/1&#8243;][vc_column_text uncode_shortcode_id=&#8220;938287&#8243;] Werde Teil der Familie, willkommen bei GALLEHR+PARTNER\u00ae ! M\u00f6chten Sie Industrieunternehmen auf ihrem Weg in eine klimaneutrale, [&hellip;]<\/p>\n","protected":false},"author":2,"featured_media":0,"comment_status":"closed","ping_status":"closed","sticky":false,"template":"","format":"standard","meta":{"footnotes":""},"categories":[180,566],"tags":[],"class_list":["post-88720","post","type-post","status-publish","format-standard","hentry","category-news","category-jobs"],"_links":{"self":[{"href":"https:\/\/www.gallehr.de\/de\/wp-json\/wp\/v2\/posts\/88720","targetHints":{"allow":["GET"]}}],"collection":[{"href":"https:\/\/www.gallehr.de\/de\/wp-json\/wp\/v2\/posts"}],"about":[{"href":"https:\/\/www.gallehr.de\/de\/wp-json\/wp\/v2\/types\/post"}],"author":[{"embeddable":true,"href":"https:\/\/www.gallehr.de\/de\/wp-json\/wp\/v2\/users\/2"}],"replies":[{"embeddable":true,"href":"https:\/\/www.gallehr.de\/de\/wp-json\/wp\/v2\/comments?post=88720"}],"version-history":[{"count":0,"href":"https:\/\/www.gallehr.de\/de\/wp-json\/wp\/v2\/posts\/88720\/revisions"}],"wp:attachment":[{"href":"https:\/\/www.gallehr.de\/de\/wp-json\/wp\/v2\/media?parent=88720"}],"wp:term":[{"taxonomy":"category","embeddable":true,"href":"https:\/\/www.gallehr.de\/de\/wp-json\/wp\/v2\/categories?post=88720"},{"taxonomy":"post_tag","embeddable":true,"href":"https:\/\/www.gallehr.de\/de\/wp-json\/wp\/v2\/tags?post=88720"}],"curies":[{"name":"wp","href":"https:\/\/api.w.org\/{rel}","templated":true}]}}