{"id":886,"date":"2009-06-30T15:00:45","date_gmt":"2009-06-30T15:00:45","guid":{"rendered":"https:\/\/hostsharing.gallehr.de\/WP\/?p=886"},"modified":"2026-02-03T17:38:04","modified_gmt":"2026-02-03T16:38:04","slug":"deutsch-welche-flugverkehrsunternehmen-sind-wirklich-vom-eu-ets-betroffen-lesen-sie-im-kostenlosen-gallehrpartner-co2-infobrief-04-09-eine-anleitung-um-das-schritt-fur-schritt-herauszufinden","status":"publish","type":"post","link":"https:\/\/www.gallehr.de\/de\/deutsch-welche-flugverkehrsunternehmen-sind-wirklich-vom-eu-ets-betroffen-lesen-sie-im-kostenlosen-gallehrpartner-co2-infobrief-04-09-eine-anleitung-um-das-schritt-fur-schritt-herauszufinden\/","title":{"rendered":"Welche Flugverkehrsunternehmen sind wirklich vom EU-ETS betroffen. Lesen Sie im kostenlosen GALLEHR+PARTNER CO2 Infobrief 04-09 eine Anleitung um das Schritt f\u00fcr Schritt herauszufinden"},"content":{"rendered":"<p>Sind Sie sicher, ob ihr Flugverkehrs-Unternehmen vom Europ\u00e4ischen Emissionshandelssystem betroffen ist? Die Antwort darauf kann einen signifikanten finanziellen Einfluss auf Ihr Unternehmen haben.<\/p>\n<p>Aus diesem Grund haben wir im englischsprachigen <a title=\"Link zum kostenlosen Newsletter\" href=\"www.gallehr.de\/WP\/?wpfb_dl=71\">kostenlosen GALLEHR+PARTNER CO<sub>2<\/sub>-Newsletter 04\/09<\/a> eine Anleitung entwickelt, wie Sie Schritt f\u00fcr Schritt herausfinden k\u00f6nnen, ob Sie betroffen sind oder nicht.<\/p>\n<p>Um sich einen Anspruch auf freie Allokation f\u00fcr die gesamten 9 Jahre von 2012-2020 zu sichern, ist es unerl\u00e4sslich den zust\u00e4ndigen Beh\u00f6rden (CA) die Monitoring Pl\u00e4ne bis sp\u00e4testens 31. August 2009 zur Genehmigung vorzulegen. Selbst ein kleines Luftverkehrsunternehmen mit nur 15.000 Tonnen CO<sub>2<\/sub> Emissionsn pro Jahr setzt bei Misachtung dieser Frist eine freie Zuteilung im Gegenwert von ca. 300.000 Euro aufs Spiel!<\/p>\n<p>Die EU hat zwar eine Liste von betroffenen Flugverkehrsunternehmen ver\u00f6ffentlicht, es hat sich aber herausgestellt, dass diese nicht verbindlich ist und jedes Unternehmen die eigene Verpflichtung hat, festzustellen ob die Kriterien der Teilnahme am verpflichtenden Europ\u00e4ischen Emissionshandelssystem erf\u00fcllt sind oder nicht.<\/p>\n","protected":false},"excerpt":{"rendered":"<p>Sind Sie sicher, ob ihr Flugverkehrs-Unternehmen vom Europ\u00e4ischen Emissionshandelssystem betroffen ist? Die Antwort darauf kann einen signifikanten finanziellen Einfluss auf [&hellip;]<\/p>\n","protected":false},"author":2,"featured_media":0,"comment_status":"closed","ping_status":"closed","sticky":false,"template":"","format":"standard","meta":{"footnotes":""},"categories":[918,180,178],"tags":[933],"class_list":["post-886","post","type-post","status-publish","format-standard","hentry","category-cbam","category-news","category-archiv","tag-flugverkehr"],"_links":{"self":[{"href":"https:\/\/www.gallehr.de\/de\/wp-json\/wp\/v2\/posts\/886","targetHints":{"allow":["GET"]}}],"collection":[{"href":"https:\/\/www.gallehr.de\/de\/wp-json\/wp\/v2\/posts"}],"about":[{"href":"https:\/\/www.gallehr.de\/de\/wp-json\/wp\/v2\/types\/post"}],"author":[{"embeddable":true,"href":"https:\/\/www.gallehr.de\/de\/wp-json\/wp\/v2\/users\/2"}],"replies":[{"embeddable":true,"href":"https:\/\/www.gallehr.de\/de\/wp-json\/wp\/v2\/comments?post=886"}],"version-history":[{"count":0,"href":"https:\/\/www.gallehr.de\/de\/wp-json\/wp\/v2\/posts\/886\/revisions"}],"wp:attachment":[{"href":"https:\/\/www.gallehr.de\/de\/wp-json\/wp\/v2\/media?parent=886"}],"wp:term":[{"taxonomy":"category","embeddable":true,"href":"https:\/\/www.gallehr.de\/de\/wp-json\/wp\/v2\/categories?post=886"},{"taxonomy":"post_tag","embeddable":true,"href":"https:\/\/www.gallehr.de\/de\/wp-json\/wp\/v2\/tags?post=886"}],"curies":[{"name":"wp","href":"https:\/\/api.w.org\/{rel}","templated":true}]}}