{"id":88581,"date":"2025-11-19T15:13:38","date_gmt":"2025-11-19T14:13:38","guid":{"rendered":"https:\/\/www.gallehr.de\/?p=88581"},"modified":"2025-11-19T15:37:10","modified_gmt":"2025-11-19T14:37:10","slug":"gallehrpartner-fachtagung-2025-referent-hannes-wendling","status":"publish","type":"post","link":"https:\/\/www.gallehr.de\/de\/gallehrpartner-fachtagung-2025-referent-hannes-wendling\/","title":{"rendered":"GALLEHR+PARTNER<sup>\u00ae<\/sup> Fachtagung 2025 &#8211; Referent Hannes Wendling"},"content":{"rendered":"<h2>Strommarkt und Flexibilisierung aus Sicht der energieintensiven Industrie &#8211; das Ziel hei\u00dft Wettbewerbsf\u00e4higkeit!<\/h2>\n<p style=\"text-align: justify;\"><span style=\"font-size: 12pt;\">Die Wettbewerbsf\u00e4higkeit energieintensiver Unternehmen wird in den kommenden Jahren ma\u00dfgeblich davon abh\u00e4ngen, wie verl\u00e4sslich und planbar sich die energiepolitischen Rahmenbedingungen entwickeln. Hohe Strompreise, dynamische Marktmechanismen und neue regulatorische Vorgaben beeinflussen die Wirtschaftlichkeit zentraler Produktionsprozesse und erh\u00f6hen zugleich den Bedarf an Flexibilit\u00e4tsoptionen. F\u00fcr die industrielle Praxis stellt sich daher zunehmend die Frage, welche Anforderungen sich aus der Weiterentwicklung des Strommarktdesigns ergeben und wie Unternehmen unter ver\u00e4nderten Preis- und Regulierungsbedingungen ihre Energieeffizienz und Kostenstruktur sichern k\u00f6nnen. Der <a href=\"https:\/\/vik.de\/de\" target=\"_blank\" rel=\"noopener\">Verband der Industriellen Energie- und Kraftwirtschaft e.V. (VIK)<\/a> begleitet diese Entwicklungen und setzt sich f\u00fcr Rahmenbedingungen ein, die Versorgungssicherheit gew\u00e4hrleisten, B\u00fcrokratie reduzieren und die internationale Wettbewerbsf\u00e4higkeit des Industriestandorts Deutschland st\u00e4rken.<\/span><\/p>\n<p style=\"text-align: justify;\"><span style=\"font-size: 12pt;\"><strong>Hannes Wendling<\/strong> ist <a href=\"https:\/\/www.politik-kommunikation.de\/personalwechsel\/wendling-uebernimmt-fachbereichsleitung-beim-vik\/\" target=\"_blank\" rel=\"noopener\">Fachbereichsleiter f\u00fcr Energiewirtschaft und Regulierung<\/a> beim VIK. In dieser Funktion formuliert und vertritt er die Verbandsinteressen gegen\u00fcber der Politik und der Stakeholder-Community. Der Schwerpunkt seiner T\u00e4tigkeit liegt auf den Themen Strommarktdesign (Bezahlbarkeit und Versorgungssicherheit) und Stromnetze. Herr Wendling studierte Politikwissenschaft und Geschichte und graduierte an der Heidelberger Ruprecht-Karls-Universit\u00e4t. Seit mehr als einer Dekade kommunal- und landespolitisch engagiert, war er vor seiner T\u00e4tigkeit beim VIK im Deutschen Bundestag Referent f\u00fcr Energiepolitik des Abgeordneten Konrad Stockmeier (FDP), begleitete die Gremienarbeit im Ausschuss f\u00fcr Klimaschutz und Energie und beriet in Gesetzgebungsverfahren etwa zum EEG, EnWG und GEG.<\/span><\/p>\n<p style=\"text-align: justify;\"><span style=\"font-size: 12pt;\"><strong>In seinem Vortrag<\/strong> spannt Herr Wendling den Bogen von der aktuellen Entwicklung der Stromm\u00e4rkte\u00a0 zu den daraus resultierenden Anforderungen f\u00fcr die energieintensive Industrie und zeigt, dass diese ein klares Eigeninteresse an einer st\u00e4rkeren Flexibilisierung ihres Energieverbrauchs haben. Gleichzeitig macht er deutlich, dass die kurzfristigen <strong>Anpassungsm\u00f6glichkeiten je nach Branche und Unternehmensstruktur<\/strong> unterschiedlich stark ausgepr\u00e4gt sind. Abschlie\u00dfend werden die notwendigen energiepolitischen Ma\u00dfnahmen zur Sicherung des Industriestandorts Deutschland beleuchtet.<\/span><\/p>\n<p style=\"text-align: justify;\"><span style=\"font-size: 12pt;\">GALLEHR+PARTNER\u00ae l\u00e4dt Sie herzlich zur Fachveranstaltung \u201eDie deutsche Industrie zwischen Regulatorik und Innovation. Klimaneutral. Wettbewerbsf\u00e4hig. Flexibel.\u201c am 26.\/27. November 2025 im Kronenschl\u00f6sschen, Eltville ein.<\/span><\/p>\n<p style=\"text-align: justify;\"><span style=\"font-size: 12pt;\">Sind Sie neugierig? <a href=\"http:\/\/www.gallehr.de\/de\/fachveranstaltung-2025\" target=\"_blank\" rel=\"noopener\">Hier erfahren Sie mehr!<\/a><br \/>\n<\/span><\/p>\n<p style=\"text-align: justify;\"><span style=\"font-size: 12pt;\">#flexibilisierung #strommarkt #energiepolitik #regulierung #industrie<\/span><span style=\"font-size: 12pt;\"> #GALLEHRplusPartner #fachveranstaltung2025<\/span><\/p>\n\n<div\n    class='wp-block-pdfp-pdf-poster  alignnone'\n    id='block-1'\n    data-attributes='{&quot;file&quot;:&quot;https:\\\/\\\/www.gallehr.de\\\/wordpress\\\/wp-content\\\/uploads\\\/2025\\\/11\\\/Anzeige-Hannes-Wendling-V01.pdf&quot;,&quot;height&quot;:{&quot;desktop&quot;:&quot;1050px&quot;,&quot;tablet&quot;:&quot;700px&quot;,&quot;mobile&quot;:&quot;400px&quot;},&quot;btnStyles&quot;:{&quot;background&quot;:&quot;#2271b1&quot;,&quot;color&quot;:&quot;#fff&quot;,&quot;fontSize&quot;:&quot;16px&quot;,&quot;padding&quot;:{&quot;top&quot;:10,&quot;right&quot;:20,&quot;bottom&quot;:10,&quot;left&quot;:10}},&quot;align&quot;:&quot;none&quot;,&quot;alignment&quot;:&quot;left&quot;,&quot;title&quot;:&quot;&quot;,&quot;titleFontSize&quot;:&quot;16px&quot;,&quot;width&quot;:{&quot;desktop&quot;:&quot;100%&quot;,&quot;tablet&quot;:&quot;100%&quot;,&quot;mobile&quot;:&quot;100%&quot;},&quot;showName&quot;:false,&quot;print&quot;:false,&quot;onlyPDF&quot;:false,&quot;defaultBrowser&quot;:false,&quot;downloadButton&quot;:false,&quot;downloadButtonText&quot;:&quot;Download File&quot;,&quot;fullscreenButton&quot;:true,&quot;fullscreenButtonText&quot;:&quot;View Fullscreen&quot;,&quot;actionsPosition&quot;:&quot;top&quot;,&quot;newWindow&quot;:false,&quot;protect&quot;:false,&quot;thumbMenu&quot;:false,&quot;sidebarOpen&quot;:false,&quot;initialPage&quot;:0,&quot;alert&quot;:false,&quot;lastVersion&quot;:false,&quot;hrScroll&quot;:false,&quot;isHideRightToolbar&quot;:false,&quot;additional&quot;:{&quot;ID&quot;:&quot;&quot;,&quot;Class&quot;:&quot;&quot;,&quot;CSS&quot;:&quot;&quot;},&quot;adobeEmbedder&quot;:false,&quot;adobeOptions&quot;:{&quot;showDownloadPDF&quot;:true,&quot;showPrintPDF&quot;:true,&quot;showAnnotationTools&quot;:true,&quot;showFullScreen&quot;:false,&quot;embedMode&quot;:&quot;SIZED_CONTAINER&quot;},&quot;popupOptions&quot;:{&quot;enabled&quot;:false,&quot;triggerType&quot;:&quot;button&quot;,&quot;image&quot;:&quot;&quot;,&quot;imagePdfIcon&quot;:true,&quot;imageHeight&quot;:&quot;200px&quot;,&quot;imageWidth&quot;:&quot;300px&quot;,&quot;text&quot;:&quot;Open PDF&quot;,&quot;btnStyle&quot;:{&quot;background&quot;:&quot;#2271b1&quot;,&quot;color&quot;:&quot;#fff&quot;,&quot;fontSize&quot;:&quot;16px&quot;,&quot;padding&quot;:{&quot;top&quot;:10,&quot;right&quot;:20,&quot;bottom&quot;:10,&quot;left&quot;:10}}},&quot;popupBtnStyle&quot;:{&quot;background&quot;:&quot;#2271b1&quot;,&quot;color&quot;:&quot;#fff&quot;,&quot;padding&quot;:{&quot;top&quot;:10,&quot;right&quot;:20,&quot;bottom&quot;:10,&quot;left&quot;:10}},&quot;popupBtnText&quot;:&quot;Open Document&quot;,&quot;CSS&quot;:&quot;&quot;,&quot;socialShare&quot;:{&quot;enabled&quot;:false,&quot;facebook&quot;:true,&quot;twitter&quot;:true,&quot;linkedin&quot;:true,&quot;pinterest&quot;:true,&quot;position&quot;:&quot;top&quot;},&quot;isPremium&quot;:false}'\n    style=\"text-align: left\">\n            <div class=\"pdfp_loading_placeholder\" style=\"height: 1050px; width: 100%; display: flex; align-items: center; justify-content: center; background: #f5f5f5; border: 1px solid #ddd;\">\n             <p>Loading Viewer...<\/p>\n        <\/div>\n    <\/div>\n\n","protected":false},"excerpt":{"rendered":"<p>Strommarkt und Flexibilisierung aus Sicht der energieintensiven Industrie &#8211; das Ziel hei\u00dft Wettbewerbsf\u00e4higkeit! Die Wettbewerbsf\u00e4higkeit energieintensiver Unternehmen wird in den [&hellip;]<\/p>\n","protected":false},"author":24,"featured_media":0,"comment_status":"closed","ping_status":"closed","sticky":false,"template":"","format":"standard","meta":{"footnotes":""},"categories":[873,180],"tags":[185,877,887,888,889,892],"class_list":["post-88581","post","type-post","status-publish","format-standard","hentry","category-fachtagung-2025","category-news","tag-industrie","tag-flexibilisierung","tag-energiepolitik","tag-regulierung","tag-wettbewerbsfaehigkeit","tag-strommarkt"],"_links":{"self":[{"href":"https:\/\/www.gallehr.de\/de\/wp-json\/wp\/v2\/posts\/88581","targetHints":{"allow":["GET"]}}],"collection":[{"href":"https:\/\/www.gallehr.de\/de\/wp-json\/wp\/v2\/posts"}],"about":[{"href":"https:\/\/www.gallehr.de\/de\/wp-json\/wp\/v2\/types\/post"}],"author":[{"embeddable":true,"href":"https:\/\/www.gallehr.de\/de\/wp-json\/wp\/v2\/users\/24"}],"replies":[{"embeddable":true,"href":"https:\/\/www.gallehr.de\/de\/wp-json\/wp\/v2\/comments?post=88581"}],"version-history":[{"count":0,"href":"https:\/\/www.gallehr.de\/de\/wp-json\/wp\/v2\/posts\/88581\/revisions"}],"wp:attachment":[{"href":"https:\/\/www.gallehr.de\/de\/wp-json\/wp\/v2\/media?parent=88581"}],"wp:term":[{"taxonomy":"category","embeddable":true,"href":"https:\/\/www.gallehr.de\/de\/wp-json\/wp\/v2\/categories?post=88581"},{"taxonomy":"post_tag","embeddable":true,"href":"https:\/\/www.gallehr.de\/de\/wp-json\/wp\/v2\/tags?post=88581"}],"curies":[{"name":"wp","href":"https:\/\/api.w.org\/{rel}","templated":true}]}}