{"id":88446,"date":"2025-10-27T15:41:53","date_gmt":"2025-10-27T14:41:53","guid":{"rendered":"https:\/\/www.gallehr.de\/?p=88446"},"modified":"2025-10-30T15:39:23","modified_gmt":"2025-10-30T14:39:23","slug":"gallehrpartner-fachtagung-2025-referent-dr-timo-wuerz","status":"publish","type":"post","link":"https:\/\/www.gallehr.de\/de\/gallehrpartner-fachtagung-2025-referent-dr-timo-wuerz\/","title":{"rendered":"GALLEHR+PARTNER<sup>\u00ae<\/sup> Fachtagung 2025 &#8211; Referent Dr. Timo W\u00fcrz"},"content":{"rendered":"<div class=\"wpb-content-wrapper\"><p>[vc_row][vc_column width=&#8220;1\/1&#8243;][vc_column_text uncode_shortcode_id=&#8220;296341&#8243;]<\/p>\n<h2>Potenziale der Elektrifizierung von Thermoprozesstechnik<\/h2>\n<p style=\"text-align: justify;\"><span style=\"font-size: 12pt;\">Mit 3.600 deutschen und europ\u00e4ischen Mitgliedsunternehmen ist der VDMA der gr\u00f6\u00dfte Industrieverband in Europa. Er wirkt nicht nur als Interessenvertretung in Politik und Gesellschaft, sondern auch als Beratungs- und Informationsplattform sowie als Initiator und Koordinator vielf\u00e4ltiger Forschungs- und Innovationsprojekte.<\/span><\/p>\n<p style=\"text-align: justify;\"><span style=\"font-size: 12pt;\">F\u00fcr den metallurgischen Anlagenbau ist die Dekarbonisierung von Produktionsprozessen eine enorme Herausforderung. Doch der VDMA sieht sie auch als Chance: Gemeinsam mit anderen Megatrends wie etwa Digitalisierung und Nachhaltigkeit treibt die Defossilisierung die Entwicklung neuer Enabler-Technologien voran \u2013 sofern die Rahmenbedingungen stimmen. Dazu geh\u00f6rt in der Metallurgie neben energieeffizienten Prozessen und Anlagen auch die Abw\u00e4rmenutzung, der Einsatz alternativer Brennstoffe, das Spitzenstrom-Management sowie die elektrische Beheizung von Thermoprozessanlagen inklusive diverser Hybridprozesse.<\/span><\/p>\n<p style=\"text-align: justify;\"><span style=\"font-size: 12pt;\"><strong>Dr. Timo W\u00fcrz<\/strong> ist <strong>Gesch\u00e4ftsf\u00fchrer des VDMA Fachverbands Metallurgy<\/strong>, der die Interessen von rund 180 Unternehmen vertritt, die Anlagen, Maschinen, Ausr\u00fcstung und Prozesstechnik f\u00fcr die Metallerzeugung und -verarbeitung liefern. Es ist ihm ein besonderes Anliegen, Mitgliedsunternehmen m\u00f6glichst umfassend auf dem Weg zur Klimaneutralit\u00e4t zu unterst\u00fctzen. So erarbeitet der Fachverband etwa Leitf\u00e4den f\u00fcr Energieeffizienz oder Produktkategorieregeln f\u00fcr Thermoprozessanlagen. Dar\u00fcber hinaus betreibt er Technologiescouting in den Bereichen Dekarbonisierung, Energieeffizienz sowie Carbon Management und initiiert Forschungsprojekte zur Elektrifizierung von Thermoprozessanlagen und alternativen Brennstoffen wie Wasserstoff oder Ammoniak. <\/span><\/p>\n<p style=\"text-align: justify;\"><span style=\"font-size: 12pt;\">Auf der GALLEHR+PARTNER<sup>\u00ae<\/sup> Fachtagung am 26. und 27.11.2025 wird Herr W\u00fcrz \u00fcber Potenziale der Elektrifizierung der Thermoprozesstechnik und der Flexibilisierung von W\u00e4rme und Strom im Anlagenbau sprechen.<\/span><\/p>\n<p style=\"text-align: justify;\"><span style=\"font-size: 12pt;\">Timo W\u00fcrz studierte Maschinenbau und hat an der Technischen Universit\u00e4t Darmstadt promoviert. Nach einigen Jahren T\u00e4tigkeit als Forschungsingenieur bei der Gesellschaft f\u00fcr Fertigungstechnik und Entwicklung (GFE) sowie am Institut f\u00fcr Produktionstechnik und Spanende Werkzeugmaschinen (PTW) der TU Darmstadt, wechselte er im Jahr 2000 zum Verein Deutscher Werkzeugmaschinenfabriken (VDW) in Frankfurt am Main. In dem von mittelst\u00e4ndischen Unternehmen gepr\u00e4gten Verband wirkte er erst als Abteilungsleiter Forschung und Technik, sp\u00e4ter dann stellvertretender Gesch\u00e4ftsf\u00fchrer. 2012 wechselte er zum VDMA e.V. als Gesch\u00e4ftsf\u00fchrer des Fachverbands Metallurgy. Zudem ist Timo W\u00fcrz Generalsekret\u00e4r des European Committee of Industrial Furnace, Heating and Metallurgical Equipment Associations (CECOF).<\/span><\/p>\n<p style=\"text-align: justify;\"><span style=\"font-size: 12pt;\">Wir sind selber schon sehr gespannt auf Ihren Vortrag, vielen Dank f\u00fcr Ihre Teilnahme Herr Dr. W\u00fcrz!<\/span><\/p>\n<p style=\"text-align: justify;\"><span style=\"font-size: 12pt;\"><strong>GALLEHR+PARTNER<sup>\u00ae<\/sup><\/strong> l\u00e4dt herzlich zur Fachveranstaltung <em>\u201eDie deutsche Industrie zwischen Regulatorik und Innovation. Klimaneutral. Wettbewerbsf\u00e4hig. Flexibel.\u201c<\/em> am <strong>26.\/27. November 2025 im Kronenschl\u00f6sschen, Eltville<\/strong> ein.<\/span><\/p>\n<p style=\"text-align: justify;\"><span style=\"font-size: 12pt;\">Sind Sie neugierig? Hier erfahren Sie mehr: <a href=\"https:\/\/www.gallehr.de\/de\/fachveranstaltung-2025\">www.gallehr.de\/de\/fachveranstaltung-2025<\/a><\/span><\/p>\n<p style=\"text-align: justify;\">#power-to-heat #dekarbonisierung #fachveranstaltung2025 #VDMA #metallurgy #GALLEHRplusPartner<\/p>\n<div class='wp-block-pdfp-pdf-poster  alignnone'\n    id='block-1'\n    data-attributes='{&quot;file&quot;:&quot;https:\\\/\\\/www.gallehr.de\\\/wordpress\\\/wp-content\\\/uploads\\\/2025\\\/10\\\/Anzeige-Timo-Wuerz-VDMA-V02.pdf&quot;,&quot;height&quot;:{&quot;desktop&quot;:&quot;1050px&quot;,&quot;tablet&quot;:&quot;700px&quot;,&quot;mobile&quot;:&quot;400px&quot;},&quot;btnStyles&quot;:{&quot;background&quot;:&quot;#2271b1&quot;,&quot;color&quot;:&quot;#fff&quot;,&quot;fontSize&quot;:&quot;16px&quot;,&quot;padding&quot;:{&quot;top&quot;:10,&quot;right&quot;:20,&quot;bottom&quot;:10,&quot;left&quot;:10}},&quot;align&quot;:&quot;none&quot;,&quot;alignment&quot;:&quot;left&quot;,&quot;title&quot;:&quot;&quot;,&quot;titleFontSize&quot;:&quot;16px&quot;,&quot;width&quot;:{&quot;desktop&quot;:&quot;100%&quot;,&quot;tablet&quot;:&quot;100%&quot;,&quot;mobile&quot;:&quot;100%&quot;},&quot;showName&quot;:false,&quot;print&quot;:false,&quot;onlyPDF&quot;:false,&quot;defaultBrowser&quot;:false,&quot;downloadButton&quot;:false,&quot;downloadButtonText&quot;:&quot;Download File&quot;,&quot;fullscreenButton&quot;:true,&quot;fullscreenButtonText&quot;:&quot;View Fullscreen&quot;,&quot;actionsPosition&quot;:&quot;top&quot;,&quot;newWindow&quot;:false,&quot;protect&quot;:false,&quot;thumbMenu&quot;:false,&quot;sidebarOpen&quot;:false,&quot;initialPage&quot;:0,&quot;alert&quot;:false,&quot;lastVersion&quot;:false,&quot;hrScroll&quot;:false,&quot;isHideRightToolbar&quot;:false,&quot;additional&quot;:{&quot;ID&quot;:&quot;&quot;,&quot;Class&quot;:&quot;&quot;,&quot;CSS&quot;:&quot;&quot;},&quot;adobeEmbedder&quot;:false,&quot;adobeOptions&quot;:{&quot;showDownloadPDF&quot;:true,&quot;showPrintPDF&quot;:true,&quot;showAnnotationTools&quot;:true,&quot;showFullScreen&quot;:false,&quot;embedMode&quot;:&quot;SIZED_CONTAINER&quot;},&quot;popupOptions&quot;:{&quot;enabled&quot;:false,&quot;triggerType&quot;:&quot;button&quot;,&quot;image&quot;:&quot;&quot;,&quot;imagePdfIcon&quot;:true,&quot;imageHeight&quot;:&quot;200px&quot;,&quot;imageWidth&quot;:&quot;300px&quot;,&quot;text&quot;:&quot;Open PDF&quot;,&quot;btnStyle&quot;:{&quot;background&quot;:&quot;#2271b1&quot;,&quot;color&quot;:&quot;#fff&quot;,&quot;fontSize&quot;:&quot;16px&quot;,&quot;padding&quot;:{&quot;top&quot;:10,&quot;right&quot;:20,&quot;bottom&quot;:10,&quot;left&quot;:10}}},&quot;popupBtnStyle&quot;:{&quot;background&quot;:&quot;#2271b1&quot;,&quot;color&quot;:&quot;#fff&quot;,&quot;padding&quot;:{&quot;top&quot;:10,&quot;right&quot;:20,&quot;bottom&quot;:10,&quot;left&quot;:10}},&quot;popupBtnText&quot;:&quot;Open Document&quot;,&quot;CSS&quot;:&quot;&quot;,&quot;socialShare&quot;:{&quot;enabled&quot;:false,&quot;facebook&quot;:true,&quot;twitter&quot;:true,&quot;linkedin&quot;:true,&quot;pinterest&quot;:true,&quot;position&quot;:&quot;top&quot;},&quot;isPremium&quot;:false}'\n    style=\"text-align: left\">\n            <div class=\"pdfp_loading_placeholder\" style=\"height: 1050px; width: 100%; display: flex; align-items: center; justify-content: center; background: #f5f5f5; border: 1px solid #ddd;\">\n             <p>Loading Viewer...<\/p>\n        <\/div>\n    <\/div>\n[\/vc_column_text][\/vc_column][\/vc_row]<\/p>\n<\/div>","protected":false},"excerpt":{"rendered":"<p>[vc_row][vc_column width=&#8220;1\/1&#8243;][vc_column_text uncode_shortcode_id=&#8220;296341&#8243;] Potenziale der Elektrifizierung von Thermoprozesstechnik Mit 3.600 deutschen und europ\u00e4ischen Mitgliedsunternehmen ist der VDMA der gr\u00f6\u00dfte Industrieverband [&hellip;]<\/p>\n","protected":false},"author":17,"featured_media":0,"comment_status":"closed","ping_status":"closed","sticky":false,"template":"","format":"standard","meta":{"footnotes":""},"categories":[873,180],"tags":[185,694,764,868,877,878],"class_list":["post-88446","post","type-post","status-publish","format-standard","hentry","category-fachtagung-2025","category-news","tag-industrie","tag-energieversorgung","tag-dekarbonisierung","tag-thermische-prozesse","tag-flexibilisierung","tag-stahlproduktion"],"_links":{"self":[{"href":"https:\/\/www.gallehr.de\/de\/wp-json\/wp\/v2\/posts\/88446","targetHints":{"allow":["GET"]}}],"collection":[{"href":"https:\/\/www.gallehr.de\/de\/wp-json\/wp\/v2\/posts"}],"about":[{"href":"https:\/\/www.gallehr.de\/de\/wp-json\/wp\/v2\/types\/post"}],"author":[{"embeddable":true,"href":"https:\/\/www.gallehr.de\/de\/wp-json\/wp\/v2\/users\/17"}],"replies":[{"embeddable":true,"href":"https:\/\/www.gallehr.de\/de\/wp-json\/wp\/v2\/comments?post=88446"}],"version-history":[{"count":0,"href":"https:\/\/www.gallehr.de\/de\/wp-json\/wp\/v2\/posts\/88446\/revisions"}],"wp:attachment":[{"href":"https:\/\/www.gallehr.de\/de\/wp-json\/wp\/v2\/media?parent=88446"}],"wp:term":[{"taxonomy":"category","embeddable":true,"href":"https:\/\/www.gallehr.de\/de\/wp-json\/wp\/v2\/categories?post=88446"},{"taxonomy":"post_tag","embeddable":true,"href":"https:\/\/www.gallehr.de\/de\/wp-json\/wp\/v2\/tags?post=88446"}],"curies":[{"name":"wp","href":"https:\/\/api.w.org\/{rel}","templated":true}]}}