{"id":87900,"date":"2025-04-15T14:31:18","date_gmt":"2025-04-15T12:31:18","guid":{"rendered":"https:\/\/www.gallehr.de\/?p=87900"},"modified":"2025-09-20T14:44:48","modified_gmt":"2025-09-20T12:44:48","slug":"update-nachweis-der-oekologischen-gegenleistungen-in-der-stompreiskompensation","status":"publish","type":"post","link":"https:\/\/www.gallehr.de\/de\/update-nachweis-der-oekologischen-gegenleistungen-in-der-stompreiskompensation\/","title":{"rendered":"Update: Nachweis der \u00f6kologischen Gegenleistungen in der Stompreiskompensation"},"content":{"rendered":"<div class=\"wpb-content-wrapper\"><p>[vc_row][vc_column width=&#8220;1\/1&#8243;][vc_column_text uncode_shortcode_id=&#8220;765792&#8243;]<\/p>\n<h2>Aktuelle Erleichterungen und Klarstellungen der Beh\u00f6rde in Bezug auf \u00f6kologische Gegenleistungen<\/h2>\n<hr \/>\n<p><span style=\"color: #b01419; font-size: 12pt;\"><strong>In K\u00fcrze:<\/strong><\/span><\/p>\n<p style=\"text-align: justify;\"><span style=\"font-size: 12pt;\">Im Abrechnungsjahr 2021 konnten Unternehmen nur Strompreiskompensation (SPK) erhalten, wenn sie eine Verpflichtungserkl\u00e4rung bzgl. der Umsetzung von Ma\u00dfnahmen mit Amortisationszeit kleiner 3 Jahren abgegeben haben. Die Erf\u00fcllung der Verpflichtungen dieses und folgender Abrechnungsjahre (2021-2024) m\u00fcssen dieses Jahr r\u00fcckwirkend nachgewiesen werden.<\/span><\/p>\n<p><span style=\"font-size: 12pt;\"><strong><span style=\"color: #b11117;\">Achtung:<\/span> Dies gilt auch f\u00fcr Rechtsnachfolger von insolventen Anlagen!<\/strong><\/span><\/p>\n<p style=\"text-align: justify;\"><span style=\"font-size: 12pt;\">Am 10.4.2025 fand zu dem Thema \u201e\u00d6kologische Gegenleistungen in der SPK und Carbon Leakage-Kompensation (BECV)\u201c eine Informationsveranstaltung der DEHSt statt.<\/span><\/p>\n<p style=\"text-align: justify;\"><span style=\"font-size: 12pt;\">Wir informieren hier \u00fcber die wichtigsten Erleichterungen und Klarstellungen von Seiten der Beh\u00f6rde. Insbesondere richten wir den Fokus auf die SPK und die Erf\u00fcllungsoption 4.2.1 a (&#8222;vorrangige Energieeffizienzma\u00dfnahmen&#8220;) der SPK- F\u00f6rderrichtlinie.<\/span><\/p>\n<p><span style=\"font-size: 12pt;\"><strong>\u00dcbersicht:<\/strong><\/span><\/p>\n<ul>\n<li><span style=\"font-size: 12pt;\">\u00dcbergreifende Vereinfachungen und Klarstellungen<\/span><\/li>\n<li><span style=\"font-size: 12pt;\">Ge\u00e4nderte Anforderungen an anrechenbare Energieeffizienzma\u00dfnahmen<\/span><\/li>\n<li><span style=\"font-size: 12pt;\">Bemerkungen zur Gr\u00fcnstrom-Erf\u00fcllungsoption<\/span><\/li>\n<\/ul>\n<p style=\"text-align: justify;\"><span style=\"font-size: 12pt;\"><strong>GALLEHR+PARTNER<sup>\u00ae<\/sup> unterst\u00fctzt Sie bei jeglichen (strategischen) Fragestellungen rund um das Thema \u00d6kologische Gegenleistungen, Carbon-Leakage- und Strompreiskompensation, sowie besondere Ausgleichregelung. Zudem unterst\u00fctzen wir Sie bei Bedarf bei der vollst\u00e4ndigen Antragstellung und Beh\u00f6rdenkommunikation, soweit rechtlich zul\u00e4ssig. Wenn Sie sich nicht sicher sind, ob Sie antragsberechtigt sind oder Unterst\u00fctzung bei Antragstellung oder Nachweiserstellung ben\u00f6tigen, melden Sie sich gerne bei uns.<\/strong><\/span><\/p>\n<hr \/>\n<h3>\u00dcbergreifende Vereinfachungen und Klarstellungen bei der Nachweisf\u00fchrung von Energieeffizienzma\u00dfnahmen<\/h3>\n<ol>\n<li style=\"text-align: justify;\"><span style=\"font-size: 12pt;\"><strong>Das Erreichen der in der Verpflichtungserkl\u00e4rung angegebenen Investitionssumme ist nicht ma\u00dfgebend f\u00fcr die Beurteilung:<br \/>\n<\/strong>Die Verpflichtung gilt nur f\u00fcr die Ma\u00dfnahmen, deren Amortisationszeit weniger als 3 Jahren betr\u00e4gt. Die Verpflichtungssumme muss nur f\u00fcr den Fall erreicht werden, wenn ausreichend Ma\u00dfnahmen mit einer Amortisationszeit von weniger als 3 Jahren identifiziert worden sind.<\/span><\/li>\n<\/ol>\n<ol start=\"2\">\n<li style=\"text-align: justify;\"><span style=\"font-size: 12pt;\"><strong>Es gilt keine automatische Umsetzungspflicht f\u00fcr eine Ma\u00dfnahme, die im Aktionsplan des Energiemanagementsystems aufgef\u00fchrt wurde:<\/strong><\/span>\n<ul style=\"list-style-type: circle;\">\n<li style=\"text-align: justify;\"><span style=\"font-size: 12pt;\">Finanzielle Neuberechnung kurz vor Umsetzung? \u2192 unwirtschaftlich <strong>\u2192<\/strong> Keine Umsetzungspflicht!<\/span><\/li>\n<li style=\"text-align: justify;\"><span style=\"font-size: 12pt;\">Technische Nichtmachbarkeit festgestellt? \u2192 Keine Umsetzungspflicht!<\/span><\/li>\n<li style=\"text-align: justify;\"><span style=\"font-size: 12pt;\">Lieferzeiten \u00fcberm\u00e4\u00dfig lang (mehr als 3 Monate l\u00e4nger als urspr\u00fcnglich versprochen) \u2192 unter Umst\u00e4nden m\u00f6gliche Verschiebung der Umsetzungspflicht!<\/span><\/li>\n<li style=\"text-align: justify;\"><span style=\"font-size: 12pt;\">Umsetzung einer unwirtschaftlichen Energieeffizienz-Ma\u00dfnahmen, die in Investitionsh\u00f6he die Beihilfesumme \u00fcbersteigt, kann wirtschaftliche Ma\u00dfnahme ersetzen.<\/span><\/li>\n<\/ul>\n<\/li>\n<li style=\"text-align: justify;\"><span style=\"font-size: 12pt;\"><strong>Verzicht auf Pr\u00fcfung der Wirtschaftlichkeit bei umgesetzten Ma\u00dfnahmen:<br \/>\n<\/strong>Grunds\u00e4tzlich muss die Wirtschaftlichkeit von im Formular-Management-System (FMS) angegebenen und umgesetzten\u00a0 Ma\u00dfnahmen nicht von der Pr\u00fcfstelle gepr\u00fcft werden. Dar\u00fcber hinaus k\u00f6nnen noch weitere Ma\u00dfnahmen im Aktionsplan dokumentiert sein. Die DEHSt verlangt von der Pr\u00fcfstelle nur die Wirtschaftlichkeitsberechnung von den \u00fcbrigen Ma\u00dfnahmen zu pr\u00fcfen, wenn die Investitionssumme der im Formular-Management-System (FMS) angegebenen Ma\u00dfnahmen geringer ist als die Beihilfesumme.<\/span><\/li>\n<\/ol>\n<ol start=\"4\">\n<li style=\"text-align: justify;\"><span style=\"font-size: 12pt;\"><strong>Vor-Ort-Begehung f\u00fcr Pr\u00fcfungsbefugte Stellen bei Fremdzertifizierung des Energiemanagementsystems entf\u00e4llt auch dieses Jahr<\/strong><\/span><\/li>\n<\/ol>\n<h3>Ge\u00e4nderte Anforderungen an anrechenbare Energieeffizienzma\u00dfnahmen<\/h3>\n<ol>\n<li style=\"text-align: justify;\"><span style=\"font-size: 12pt;\"><strong>Keine Investitionen vor 2021 anrechenbar:<br \/>\n<\/strong>Auch wenn sie Teil eines Gro\u00dfprojekts waren, das l\u00e4nger lief und erst 2021 abgeschlossen wurde.<\/span><\/li>\n<li style=\"text-align: justify;\"><span style=\"font-size: 12pt;\">Nur der <strong>Energieeffizienz-bezogene Anteil<\/strong> eines Projektes ist <strong>mit seiner Investitionssumme anrechenbar.<\/strong><\/span><\/li>\n<li style=\"text-align: justify;\"><span style=\"font-size: 12pt;\">Die Angabe der <strong>Amortisationszeit<\/strong> einer Energieeffizienz-Ma\u00dfnahme<strong> ist Pflichtfeld<\/strong> (auch wenn die Pr\u00fcfung des Wertes entf\u00e4llt).<\/span><\/li>\n<li style=\"text-align: justify;\"><span style=\"font-size: 12pt;\"><strong>\u00c4nderungen am Zeitplan<\/strong> seit Erstellung im Jahr 2023 m\u00fcssen, mit Angabe der \u00c4nderungsgr\u00fcnde, <strong>dokumentiert<\/strong> werden.<\/span><\/li>\n<li style=\"text-align: justify;\"><span style=\"font-size: 12pt;\"><strong>Investition in Nutzung diffuser Energie ist als Energieeffizienz-Ma\u00dfnahme anrechenbar<\/strong>: Windkraftanlage\/PV-Anlage zur Eigenstromnutzung, W\u00e4rmepumpe als Ersatz f\u00fcr fossilen W\u00e4rmeerzeuger<\/span><\/li>\n<\/ol>\n<h3>Allgemeine Erleichterungen bei der Pr\u00fcfung von Carbon-Leakage- und Strompreiskompensationsantr\u00e4gen<\/h3>\n<p style=\"text-align: justify;\"><span style=\"font-size: 12pt;\">Bei <strong>Antr\u00e4gen<\/strong>, welche eine zu erwartende<strong> Beihilfesumme unter 100.000 \u20ac<\/strong> haben, gelten f\u00fcr das <strong>Abrechnungsjahr 2024<\/strong> folgende Erleichterungen:<\/span><\/p>\n<ol>\n<li style=\"text-align: justify;\"><span style=\"font-size: 12pt;\"><strong>Die Pr\u00fcftiefe der Wirtschaftspr\u00fcfer muss nur einer \u201ePr\u00fcfung mit begrenzter Sicherheit\u201c entsprechen.<\/strong> Bei einer zu erwartenden Beihilfesumme \u00fcber 100.000 \u20ac ist weiterhin eine &#8222;Pr\u00fcfung mit hinreichender Sicherheit\u201c notwendig<\/span><\/li>\n<li style=\"text-align: justify;\"><span style=\"font-size: 12pt;\"><strong>Es muss kein gesonderter Pr\u00fcfungsbericht<\/strong> <strong>von den Wirtschaftspr\u00fcfern erstellt und dem Antrag beigef\u00fcgt werden<\/strong>. Die notwendigen Angaben, die bisher im Pr\u00fcfungsbericht standen, sollen im FMS erfasst werden. Dies betrifft vor allem eine Kurzdarstellung des Pr\u00fcfungsablaufs, die tragenden Erw\u00e4gungen der Pr\u00fcfungsentscheidung, eine Liste der eingesehenen<\/span><br \/>\n<span style=\"font-size: 12pt;\">Unterlagen sowie wichtige Hinweise zum Pr\u00fcfungsurteil, insbesondere bei Modifikation oder Beschr\u00e4nkung des Pr\u00fcfungsurteils. Bei einer zu erwartenden Beihilfesumme \u00fcber 100.000 \u20ac ist weiterhin eine &#8222;Pr\u00fcfung mit hinreichender Sicherheit\u201c notwendig<\/span><\/li>\n<\/ol>\n<p style=\"text-align: justify;\"><span style=\"font-size: 12pt;\">Diese Erleichterungen k\u00f6nnten dazu f\u00fchren, dass die Kosten f\u00fcr die Wirtschaftspr\u00fcfer bei Antr\u00e4gen in diesem Umfang sinken.<\/span><\/p>\n<h3 style=\"text-align: justify;\">Bemerkungen zur Gr\u00fcnstrom-Erf\u00fcllungsoption<\/h3>\n<ol>\n<li style=\"text-align: justify;\"><span style=\"font-size: 12pt;\">Herkunftsnachweise (HKNs) f\u00fcr Gr\u00fcnstrom aus <strong>Norwegen sind nicht<\/strong> f\u00fcr Punkt 4.2.2 der SPK-F\u00f6rderrichtlinie <strong>nutzbar.<\/strong><\/span><\/li>\n<li style=\"text-align: justify;\"><span style=\"font-size: 12pt;\">Investitionsf\u00f6rderung der Ursprungsanlage f\u00fcr die HKNs sind ok. Nur OPEX-gef\u00f6rderte Anlagen sind nicht anrechenbar.<\/span><\/li>\n<\/ol>\n<p><span style=\"font-size: 12pt;\"><strong><span style=\"color: #b11117;\">Hinweis:<\/span><\/strong> Wir werden zu der M\u00f6glichkeit die \u00f6kologischen Gegenleistungen mithilfe von Gr\u00fcnstrom<\/span> <span style=\"font-size: 12pt;\">zu erf\u00fcllen einen separaten Artikel ver\u00f6ffentlichen. Wenn Sie keine weiteren Artikel mehr verpassen m\u00f6chten, <a href=\"https:\/\/www.gallehr.de\/de\/kontakt\/\" target=\"_blank\" rel=\"noopener\">melden Sie sich gerne in unserem Newsletter an.<\/a><\/span><\/p>\n<hr \/>\n<h3>Fazit<\/h3>\n<p style=\"text-align: justify;\"><span style=\"font-size: 12pt;\">Nach den letzten Jahren der Unsicherheit hat die DEHSt entschieden den Unternehmen keinen Nachteil entstehen zu lassen, solange alle in der Praxis umsetzbaren und wirtschaftlichen Energieeffizienzma\u00dfnahmen umgesetzt wurden. Insbesondere gilt dies f\u00fcr Unternehmen, die unwirtschaftliche Ma\u00dfnahmen umgesetzt und in ihren Zeitpl\u00e4nen angegeben haben.<\/span><\/p>\n<p style=\"text-align: justify;\"><span style=\"font-size: 12pt;\">Die recht sp\u00e4te Klarstellungen, z.B. zu Projekten mit Energieeffizienz-Anteil, k\u00f6nnen zu Mehraufwand bei Ihnen und den pr\u00fcfungsbefugten Stellen f\u00fchren. Wir empfehlen, dies, in Ihrer Planung zu ber\u00fccksichtigen!<\/span><\/p>\n<hr \/>\n<h3><span style=\"color: #b11117;\"><strong>Hinweis:<\/strong><\/span><\/h3>\n<h4>GALLEHR+PARTNER<sup>\u00ae<\/sup> unterst\u00fctzt Sie bei Bedarf vollumf\u00e4nglich bei allen Belangen rund um die Beihilfebeantragung und Nachweisf\u00fchrung von \u00f6kologischen Gegenleistungen<\/h4>\n<p>Unsere Unterst\u00fctzung im Einzelnen:<\/p>\n<ul>\n<li>Strategische Beratung und Optimierung von Beihilfeantr\u00e4gen und der M\u00f6glichkeiten der Erf\u00fcllung von \u00f6kologischen Gegenleistungen<\/li>\n<li>Pr\u00fcfung der eingegangenen Verpflichtungen im Rahmen der \u00f6kologischen Gegenleistungen<\/li>\n<li>Erstellung von Antragsunterlagen und Begleitung des Pr\u00fcfungsprozesses<\/li>\n<li>Beihilfe-Check: Sind Sie antragsberechtigt und lohnt sich eine Antragsstellung?<\/li>\n<li>Weitere Dienst- und Hilfeleistungen<\/li>\n<\/ul>\n<hr \/>\n<p class=\"reader-text-block__heading2\" style=\"text-align: justify;\"><strong>Bei weiteren Fragen stehen <a href=\"https:\/\/www.gallehr.de\/de\/team-gallehrpartner\/\" target=\"_blank\" rel=\"noopener\">wir <\/a>Ihnen gerne direkt zur Verf\u00fcgung. <\/strong><a href=\"https:\/\/www.gallehr.de\/de\/kontakt\/\"><strong>Sprechen Sie uns gerne an.<\/strong><\/a><\/p>\n<p style=\"text-align: justify;\">GALLEHR+PARTNER<sup>\u00ae<\/sup> ist seit 2007 der erfahrene Lotse f\u00fcr die Wirtschaft auf dem Weg zur CO\u2082-Neutralit\u00e4t. Zu dem Kundenstamm von GALLEHR+PARTNER<sup>\u00ae<\/sup> geh\u00f6rt eine Vielzahl national und international renommierter Unternehmen. Diese ber\u00e4t und unterst\u00fctzt GALLEHR+PARTNER<sup>\u00ae<\/sup> teilweise bis zur vollst\u00e4ndigen eigenverantwortlichen \u00dcbernahme relevanter Prozesse.<\/p>\n<hr \/>\n<p>[\/vc_column_text][\/vc_column][\/vc_row]<\/p>\n<\/div>","protected":false},"excerpt":{"rendered":"<p>[vc_row][vc_column width=&#8220;1\/1&#8243;][vc_column_text uncode_shortcode_id=&#8220;765792&#8243;] Aktuelle Erleichterungen und Klarstellungen der Beh\u00f6rde in Bezug auf \u00f6kologische Gegenleistungen In K\u00fcrze: Im Abrechnungsjahr 2021 konnten [&hellip;]<\/p>\n","protected":false},"author":2,"featured_media":0,"comment_status":"closed","ping_status":"closed","sticky":false,"template":"","format":"standard","meta":{"footnotes":""},"categories":[848,849,180,178],"tags":[189,203,204,206,207,208,801,844,845,846,847],"class_list":["post-87900","post","type-post","status-publish","format-standard","hentry","category-strompreiskompensation","category-oekologische-gegenleistungen","category-news","category-archiv","tag-emissionshandel","tag-beihilfen-fur-indirekte-co2-kosten","tag-dehst","tag-spk","tag-strompreiskompensation","tag-virtuelle-poststelle","tag-energieintensiv","tag-oegl","tag-verpflichtungserklaerung","tag-oekologische-gegenleistungen","tag-abrechnungsjahr"],"_links":{"self":[{"href":"https:\/\/www.gallehr.de\/de\/wp-json\/wp\/v2\/posts\/87900","targetHints":{"allow":["GET"]}}],"collection":[{"href":"https:\/\/www.gallehr.de\/de\/wp-json\/wp\/v2\/posts"}],"about":[{"href":"https:\/\/www.gallehr.de\/de\/wp-json\/wp\/v2\/types\/post"}],"author":[{"embeddable":true,"href":"https:\/\/www.gallehr.de\/de\/wp-json\/wp\/v2\/users\/2"}],"replies":[{"embeddable":true,"href":"https:\/\/www.gallehr.de\/de\/wp-json\/wp\/v2\/comments?post=87900"}],"version-history":[{"count":0,"href":"https:\/\/www.gallehr.de\/de\/wp-json\/wp\/v2\/posts\/87900\/revisions"}],"wp:attachment":[{"href":"https:\/\/www.gallehr.de\/de\/wp-json\/wp\/v2\/media?parent=87900"}],"wp:term":[{"taxonomy":"category","embeddable":true,"href":"https:\/\/www.gallehr.de\/de\/wp-json\/wp\/v2\/categories?post=87900"},{"taxonomy":"post_tag","embeddable":true,"href":"https:\/\/www.gallehr.de\/de\/wp-json\/wp\/v2\/tags?post=87900"}],"curies":[{"name":"wp","href":"https:\/\/api.w.org\/{rel}","templated":true}]}}