{"id":87427,"date":"2024-12-12T14:40:24","date_gmt":"2024-12-12T13:40:24","guid":{"rendered":"https:\/\/www.gallehr.de\/?p=87427"},"modified":"2026-03-23T18:41:25","modified_gmt":"2026-03-23T17:41:25","slug":"fortsetzung-der-klimaschutzvertraege-bmwk-veroeffentlicht-referentenentwurf-der-2-ksv-foerderrichtlinie","status":"publish","type":"post","link":"https:\/\/www.gallehr.de\/de\/fortsetzung-der-klimaschutzvertraege-bmwk-veroeffentlicht-referentenentwurf-der-2-ksv-foerderrichtlinie\/","title":{"rendered":"Fortsetzung der Klimaschutzvertr\u00e4ge: <br> Referentenentwurf der <br> 2. KSV-F\u00f6rderrichtlinie ver\u00f6ffentlicht"},"content":{"rendered":"<h2><strong>Erster Einblick in die Gestaltung der F\u00f6rderrichtlinie und das weitere Vorgehen des<\/strong><strong> zweiten Gebotsverfahren der Klimaschutzvertr\u00e4ge<\/strong><\/h2>\n<hr \/>\n<h3><span style=\"color: #b11116;\"><strong>Zusammenfassung:<\/strong><\/span><\/h3>\n<p style=\"text-align: justify;\"><span style=\"font-size: 12pt;\">Die Bundesregierung beabsichtigt nach unserem jetzigem Informationsstand f\u00fcr Anfang 2025 eine weitere Gebotsrunde f\u00fcr Klimaschutzvertr\u00e4ge (Dauer 4 Monate) und holt bis Mitte Januar Kommentare von Unternehmen und Verb\u00e4nde zu diesem Vorhaben ein. Geplant sind u.a.: eine Senkung der geforderten Mindestgr\u00f6\u00dfe des Referenzsystems; vereinfachte Antr\u00e4ge; gr\u00f6\u00dfere Flexibilit\u00e4t bei Ma\u00dfnahmenbeginn sowie Produktions- und Energiemenge; Pr\u00e4zisierung der Bedingungen f\u00fcr zul\u00e4ssige Abweichungen vom technologischen Pfad; Einbezug von Carbon Capture Technologien und Prozessdampf; Ber\u00fccksichtigung einer nicht rechtzeitig bereitgestellten Energieinfrastruktur; Bonuserh\u00f6hung bei gr\u00fcnem Wasserstoff. <\/span><\/p>\n<p style=\"text-align: justify;\"><span style=\"font-size: 12pt;\"><strong>GALLEHR+PARTNER<sup>\u00ae<\/sup> unterst\u00fctzt Sie beim Antragsverfahren der zweiten Gebotsrunde und der techno-\u00f6konomischen und strategischen Bewertung Ihrer Vorhaben.<\/strong><\/span><\/p>\n<hr \/>\n<h3>Hintergrundinformation<\/h3>\n<p style=\"text-align: justify;\"><span style=\"font-size: 12pt;\">Im Sommer 2024 wurde das erste Gebotsverfahren der Klimaschutzvertr\u00e4ge (KSV) abgeschlossen. Auch das zweite vorbereitende Verfahren stie\u00df auf reges Interesse bei der Industrie. Nach den vom Bundesministerium f\u00fcr Wirtschaft und Klimaschutz (BMWK) ver\u00f6ffentlichten Informationen scheint es, trotz der unklaren Situation des Bundeshaushalts nach dem Ende der Ampelkoalition, dass die 2. KSV Gebotsrunde <strong>Anfang des neuen Jahres<\/strong> starten und <strong>4 Monate<\/strong> dauern soll. \u00a0\u00a0\u00a0\u00a0\u00a0\u00a0\u00a0<\/span><\/p>\n<p style=\"text-align: justify;\"><span style=\"font-size: 12pt;\">Das BMWK hat f\u00fcr die 2. KSV Gebotsrunde bereits einen Referentenentwurf formuliert, zu dem Sie als Unternehmen bis zum <strong>17.01.2025<\/strong> Stellung beziehen k\u00f6nnen. Gerne unterst\u00fctzen wir Sie dabei, Ihre unternehmensspezifische Position herauszuarbeiten.<\/span><\/p>\n<h3>Referentenentwurf zur F\u00f6rderrichtlinie Klimaschutzvertr\u00e4ge<\/h3>\n<p style=\"text-align: justify;\"><span style=\"font-size: 12pt;\">Nach unserem Kenntnisstand umfasst der Referentenentwurf zur F\u00f6rderrichtlinie der Klimaschutz\u00advertr\u00e4ge viele seitens der Industrie gew\u00fcnschte \u00c4nderungen. Der F\u00f6rder\u00admecha\u00adnis\u00admus k\u00f6nnte damit flexibler gestaltet werden als bisher.<\/span><\/p>\n<p style=\"text-align: justify;\"><span style=\"font-size: 12pt;\">Folgende \u00c4nderungen sind anscheinend vorgesehen:<\/span><\/p>\n<ul>\n<li style=\"text-align: justify;\"><span style=\"font-size: 12pt;\">Die Mindestgr\u00f6\u00dfe des Referenz\u00adsystems, mit dem das neue treibhausgas\u00e4rmere Produktionsverfahren verglichen wird, wird hinsichtlich der j\u00e4hrlich erzeugten CO\u2082-Emissionen von 10 kt auf 5 kt CO\u2082-\u00c4quivalent gesenkt.<\/span><\/li>\n<li style=\"text-align: justify;\"><span style=\"font-size: 12pt;\">Der Antragsprozess wird vereinfacht (z. B. durch die M\u00f6glichkeit, ein Standortkonzept erst zum operativen Beginn einzureichen).<\/span><\/li>\n<li style=\"text-align: justify;\"><span style=\"font-size: 12pt;\">Die Flexibilit\u00e4t des Instruments wird erh\u00f6ht: Der operative Start kann mit plausibler Begr\u00fcndung von 36 auf 48 Monate nach Vertragsabschluss verschoben werden. Eine h\u00f6here Abweichung von geplanten Produktions- und Energiemengen ist ohne Zustimmung m\u00f6glich.<\/span><\/li>\n<li style=\"text-align: justify;\"><span style=\"font-size: 12pt;\">Es werden Rahmenbedingungen f\u00fcr eine akzeptierte Abweichung von dem urspr\u00fcnglich vorgesehenen technologischen Pfad pr\u00e4zisiert: bei nicht verf\u00fcgbaren Energietr\u00e4gern, zu hohen Kosten f\u00fcr gew\u00e4hlte Energietr\u00e4ger, technologischer Verbesserung, zus\u00e4tzlichen Treibhausgasminderungen.<\/span><\/li>\n<li style=\"text-align: justify;\"><span style=\"font-size: 12pt;\">Vorhaben unter Einsatz von <em>Carbon Capture and Storage<\/em> <em>Carbon Capture and Usage<\/em> (CCS\/CCU) sind nun m\u00f6glich.<\/span><\/li>\n<li style=\"text-align: justify;\"><span style=\"font-size: 12pt;\">Die Frist f\u00fcr den operativen Beginn der Ma\u00dfnahme kann auf 60 Monate verl\u00e4ngert werden, wenn Einschr\u00e4nkungen bei der verf\u00fcgbaren externen Energieinfrastruktur bestehen.<\/span><\/li>\n<li style=\"text-align: justify;\"><span style=\"font-size: 12pt;\">Der Einsatz von Prozessdampf in Industrieparks ist nun f\u00f6rderf\u00e4hig.<\/span><\/li>\n<li style=\"text-align: justify;\"><span style=\"font-size: 12pt;\">Die Nutzung von gr\u00fcnem Wasserstoff wird durch eine Bonuserh\u00f6hung verst\u00e4rkt.<\/span><\/li>\n<\/ul>\n<hr \/>\n<h3><strong>GALLEHR+PARTNER<sup>\u00ae<\/sup> unterst\u00fctzt Sie beim Antragsverfahren der 2. KSV Gebotsrunde und der techno-\u00f6konomischen und strategischen Bewertung Ihrer Vorhaben.<\/strong><\/h3>\n<p><span style=\"font-size: 12pt; color: #b11116;\">Unsere Unterst\u00fctzung im Einzelnen:<\/span><\/p>\n<ul>\n<li style=\"text-align: justify;\"><span style=\"font-size: 12pt;\">360\u00b0-Begleitung w\u00e4hrend dem vorbereitenden Verfahren und der Gebotsphase bei allen Berechnungen, Formalit\u00e4ten und Antragsunterlagen<\/span><\/li>\n<li style=\"text-align: justify;\"><span style=\"font-size: 12pt;\">Kompatibilit\u00e4tspr\u00fcfung zum F\u00f6rderprogramm Klimaschutzvertr\u00e4ge<\/span><\/li>\n<li style=\"text-align: justify;\"><span style=\"font-size: 12pt;\">Darlegung des F\u00f6rdermechanismus und F\u00f6rderregelungen bezogen auf Ihr Vorhaben<\/span><\/li>\n<li style=\"text-align: justify;\"><span style=\"font-size: 12pt;\">Simulation der j\u00e4hrlichen Vertragsauszahlungen<\/span><\/li>\n<li style=\"text-align: justify;\"><span style=\"font-size: 12pt;\">Durchf\u00fchrung einer Differenzkostenkalkulation zur Bestimmung der finanziellen Risikoposition und des Gebotspreises<\/span><\/li>\n<li style=\"text-align: justify;\"><span style=\"font-size: 12pt;\">technische Bewertung Ihres Vorhabens<\/span><\/li>\n<li style=\"text-align: justify;\"><span style=\"font-size: 12pt;\">weiteres F\u00f6rdermittelscreening<\/span><\/li>\n<li style=\"text-align: justify;\"><span style=\"font-size: 12pt;\">Koordination von beteiligten Projektpartnern (BMWK, Rechtsberater, Anlagenbauern und Energielieferanten)<\/span><\/li>\n<li style=\"text-align: justify;\"><span style=\"font-size: 12pt;\">Unterst\u00fctzung bei den Berichtspflichten w\u00e4hrend der Vertragslaufzeit<\/span><\/li>\n<\/ul>\n<hr \/>\n<p class=\"reader-text-block__heading2\"><span style=\"font-size: 12pt;\"><strong>Bei weiteren <span style=\"color: #b01419;\">Fragen<\/span> stehen <a href=\"https:\/\/www.gallehr.de\/de\/team-gallehrpartner\/\" target=\"_blank\" rel=\"noopener\">wir <\/a><span style=\"color: #b01419;\">Ihnen<\/span> gerne direkt zur Verf\u00fcgung. <\/strong><a href=\"https:\/\/www.gallehr.de\/de\/kontakt\/\"><strong>Sprechen Sie uns gerne an.<\/strong><\/a><\/span><\/p>\n<p style=\"text-align: justify;\">GALLEHR+PARTNER<sup>\u00ae<\/sup> ist seit 2007 der erfahrene Lotse f\u00fcr die Wirtschaft auf dem Weg zur CO\u2082-Neutralit\u00e4t. Zu dem Kundenstamm von GALLEHR+PARTNER<sup>\u00ae<\/sup> geh\u00f6rt eine Vielzahl national und international renommierter Unternehmen. Diese ber\u00e4t und unterst\u00fctzt GALLEHR+PARTNER<sup>\u00ae<\/sup> teilweise bis zur vollst\u00e4ndigen eigenverantwortlichen \u00dcbernahme relevanter Prozesse.<\/p>\n<hr \/>\n<p style=\"text-align: justify;\"><span style=\"font-size: 8pt;\">GALLEHR+PARTNER<sup>\u00ae<\/sup> nutzt KI-Tools, u.a. zur Unterst\u00fctzung bei der Erstellung von Beitr\u00e4gen. Die Korrektheit der Inhalte und Informationen ist durch die Fachkompetenz unserer Mitarbeitenden sichergestellt. <\/span><span style=\"font-size: 8pt;\">Bei Fragen zu Inhalten k\u00f6nnen Sie sich gerne an <a href=\"mailto:kontakt@gallehr.de\" target=\"_blank\" rel=\"noopener\">kontakt@gallehr.de<\/a> wenden.<\/span><\/p>\n","protected":false},"excerpt":{"rendered":"<p>Erster Einblick in die Gestaltung der F\u00f6rderrichtlinie und das weitere Vorgehen des zweiten Gebotsverfahren der Klimaschutzvertr\u00e4ge Zusammenfassung: Die Bundesregierung beabsichtigt [&hellip;]<\/p>\n","protected":false},"author":17,"featured_media":0,"comment_status":"closed","ping_status":"closed","sticky":false,"template":"","format":"standard","meta":{"footnotes":""},"categories":[820,832,951,180,178],"tags":[185,334,732,741,760,764,801,802,819],"class_list":["post-87427","post","type-post","status-publish","format-standard","hentry","category-klimaschutzvertraege","category-transformationsbegleitung","category-co2-differenzvertraege","category-news","category-archiv","tag-industrie","tag-co2","tag-bmwk","tag-bundesfoerderung","tag-klimaschutzvertraege","tag-dekarbonisierung","tag-energieintensiv","tag-foerderung","tag-ksv"],"_links":{"self":[{"href":"https:\/\/www.gallehr.de\/de\/wp-json\/wp\/v2\/posts\/87427","targetHints":{"allow":["GET"]}}],"collection":[{"href":"https:\/\/www.gallehr.de\/de\/wp-json\/wp\/v2\/posts"}],"about":[{"href":"https:\/\/www.gallehr.de\/de\/wp-json\/wp\/v2\/types\/post"}],"author":[{"embeddable":true,"href":"https:\/\/www.gallehr.de\/de\/wp-json\/wp\/v2\/users\/17"}],"replies":[{"embeddable":true,"href":"https:\/\/www.gallehr.de\/de\/wp-json\/wp\/v2\/comments?post=87427"}],"version-history":[{"count":0,"href":"https:\/\/www.gallehr.de\/de\/wp-json\/wp\/v2\/posts\/87427\/revisions"}],"wp:attachment":[{"href":"https:\/\/www.gallehr.de\/de\/wp-json\/wp\/v2\/media?parent=87427"}],"wp:term":[{"taxonomy":"category","embeddable":true,"href":"https:\/\/www.gallehr.de\/de\/wp-json\/wp\/v2\/categories?post=87427"},{"taxonomy":"post_tag","embeddable":true,"href":"https:\/\/www.gallehr.de\/de\/wp-json\/wp\/v2\/tags?post=87427"}],"curies":[{"name":"wp","href":"https:\/\/api.w.org\/{rel}","templated":true}]}}