{"id":86917,"date":"2024-04-22T15:24:34","date_gmt":"2024-04-22T13:24:34","guid":{"rendered":"https:\/\/www.gallehr.de\/?p=86917"},"modified":"2025-03-28T12:50:54","modified_gmt":"2025-03-28T11:50:54","slug":"update-plattform-fuer-abwaerme-gestartet-frist-zur-veroeffentlichung-verlaengert","status":"publish","type":"post","link":"https:\/\/www.gallehr.de\/de\/update-plattform-fuer-abwaerme-gestartet-frist-zur-veroeffentlichung-verlaengert\/","title":{"rendered":"Update: Plattform f\u00fcr Abw\u00e4rme gestartet, Frist zur Ver\u00f6ffentlichung verl\u00e4ngert"},"content":{"rendered":"<h2><strong>Energieeffizienzgesetz (EnEfG) News: Informationen zur Plattform f\u00fcr Abw\u00e4rme<br \/>\n<\/strong><\/h2>\n<hr \/>\n<p><strong><span style=\"font-size: 12pt; color: #b01419;\">Hinweis:<\/span><\/strong><\/p>\n<p><span style=\"font-size: 12pt;\">Eigentlich sollte die Plattform f\u00fcr Abw\u00e4rme bereits Anfang des Jahres online gehen, dies verz\u00f6gerte sich allerdings. Mittlerweile ist sie seit dem 15.04.2024 online. Zudem wurde ein aktualisiertes<a href=\"https:\/\/www.bfee-online.de\/SharedDocs\/Downloads\/BfEE\/DE\/Effizienzpolitik\/merkblatt_pfa_version_1_1.pdf?__blob=publicationFile&amp;v=2\"> Merkblatt<\/a> ver\u00f6ffentlicht. Das Merkblatt hat es in sich. Auf alle Unternehmen mit einem Energieverbrauch von mehr als 2,5 Gigawattstunden pro Jahr kommen Pflichten zu. Um unverh\u00e4ltnism\u00e4\u00dfige Belastungen f\u00fcr betroffene Unternehmen zu verhindern, hat die Bundesstelle f\u00fcr Energieeffizienz BfEE die <strong>Frist<\/strong> zur verpflichtenden <strong>Ver\u00f6ffentlichung bestehender betrieblicher Abw\u00e4rmepotentiale<\/strong> bis<strong> Ende Dezember verl\u00e4ngert.<\/strong><br \/>\n<\/span><\/p>\n<hr \/>\n<h4><strong>Hintergrund:<\/strong><\/h4>\n<p><span style=\"font-size: 12pt;\">In diesem Artikel wollen wir Sie dar\u00fcber informieren, was die Plattform f\u00fcr Abw\u00e4rme erreichen soll und welche Aufgaben, aber auch M\u00f6glichkeiten f\u00fcr Unternehmen, Kommunen und Gesellschaft entstehen.<\/span><\/p>\n<p><span style=\"font-size: 12pt;\">Die Plattform f\u00fcr Abw\u00e4rme soll eine deutschlandweite \u00dcbersicht aller gewerblicher Abw\u00e4rmepotentiale bilden. Ziel der Plattform ist es diese Abw\u00e4rme nutzbar zu machen und die Energieeffizienz in Deutschland zu verbessern. Sie ist eines der wichtigen Instrumente des <a href=\"https:\/\/www.gesetze-im-internet.de\/enefg\/BJNR1350B0023.html\">Energieeffizienzgesetzes (EnEfG<\/a>). Dieses hat mehrere Ziele, zum einen den Prim\u00e4r- und Endenergieverbrauch zu senken sowie die Versorgungssicherheit zu erh\u00f6hen und einen Beitrag zum Klimaschutz zu leisten.<\/span><\/p>\n<p><strong>In dem am 04.03.2024 aktualisierten Merkblatt wurden der Zweck der Plattform und einige Definitionen klargestellt.<\/strong><\/p>\n<p><span style=\"font-size: 12pt;\">Die Plattform f\u00fcr Abw\u00e4rme soll haupts\u00e4chlich zum <strong>Informationsaustausch und der Vernetzung von Unternehmen und Energieversorgern<\/strong> dienen. Insbesondere soll die Plattform genutzt werden, wenn die anfallende Abw\u00e4rme nicht bereits innerhalb des Unternehmens vermieden oder wiederverwendet werden kann. So soll erm\u00f6glicht werden, <strong>W\u00e4rme\u00fcbersch\u00fcsse (Abw\u00e4rmequellen) und W\u00e4rmebedarfe (W\u00e4rmesenken) in Einklang zu bringen<\/strong>. Zudem stehen die Daten auch den <strong>Kommunen zur Verf\u00fcgung<\/strong>, die diese in die <strong>W\u00e4rmeleitplanung<\/strong> integrieren k\u00f6nnen. Unserer Ansicht nach ist dies ein probates Mittel, die Energieeffizienz zu verbessern, volkswirtschaftlich sinnvoll und aus der Perspektive des Klimaschutzes zu unterst\u00fctzen.<\/span><\/p>\n<p><span style=\"font-size: 12pt;\">Doch was gilt \u00fcberhaupt als Abw\u00e4rme? Abw\u00e4rme ist der Teil der W\u00e4rme, der als ungewolltes Nebenprodukt in einem Prozess oder einer Anlage entsteht. Abw\u00e4rmequelle ist jede gef\u00fchrte oder diffuse Quelle einer Anlage, welche W\u00e4rme abgibt. Es gibt dabei verschiedene Abw\u00e4rmemedien, theoretisch kann es jedes feste, gasf\u00f6rmige, oder fl\u00fcssige Medium oder Oberfl\u00e4chenstrahlung sein. Meistens sind Abw\u00e4rmequellen r\u00e4umlich abgeschlossen. Man spricht von Abw\u00e4rme, sobald die W\u00e4rme ungenutzt an die Umwelt abgegeben wird. Wird die W\u00e4rme vollst\u00e4ndig energetisch genutzt, ist nicht mehr von Abw\u00e4rme, sondern von genutzten Abw\u00e4rmequellen die Rede.<\/span><\/p>\n<h4><strong>Was hei\u00dft dies in der Praxis f\u00fcr Unternehmen? <\/strong><\/h4>\n<p><span style=\"font-size: 12pt;\">Auf Unternehmen mit einem durchschnittlichen j\u00e4hrlichen Energieverbrauch von mindestens 2,5 GWh (inkl. Gas, Strom., Fernw\u00e4rme, Kohle, etc.) kommen einige Pflichten zu. All diese Unternehmen werden verpflichtet, ihre Abw\u00e4rmepotentiale zu identifizieren und zu quantifizieren. Die gewonnenen Erkenntnisse und Informationen sind dann an die <a href=\"https:\/\/www.bfee-online.de\/BfEE\/DE\/Home\/home_node.html\">Bundessstelle f\u00fcr Energieeffizienz (BfEE)<\/a> zu \u00fcbermitteln.<\/span><\/p>\n<h5><strong>Zu den obligatorischen Informationen z\u00e4hlen: <\/strong><\/h5>\n<ol>\n<li><span style=\"font-size: 12pt;\">Name des Unternehmens<\/span><\/li>\n<li><span style=\"font-size: 12pt;\">Adresse und Standorte, wo Abw\u00e4rme anf\u00e4llt<\/span><\/li>\n<li><span style=\"font-size: 12pt;\">J\u00e4hrliche W\u00e4rmemenge<\/span><\/li>\n<li><span style=\"font-size: 12pt;\">thermische Leistung<\/span><\/li>\n<li><span style=\"font-size: 12pt;\">Zeitliche Verf\u00fcgbarkeit im Jahresverlauf (Leistungsprofil)<\/span><\/li>\n<li><span style=\"font-size: 12pt;\">Vorhandene M\u00f6glichkeiten zur Regelung von Temperatur, Druck und Einspeisung<\/span><\/li>\n<li><span style=\"font-size: 12pt;\">Durchschnittliches Temperaturniveau<\/span><\/li>\n<\/ol>\n<p><span style=\"font-size: 12pt;\">Dabei gilt es zu beachten, dass <strong>jedes Abw\u00e4rmepotential einzeln und mit jeweiligen spezifischen Informationen anzugeben<\/strong> ist.<\/span><\/p>\n<p><span style=\"font-size: 12pt;\">F\u00fcr die erstmalige Meldung an die BfEE, m\u00fcssen betroffene Unternehmen<strong> ausschlie\u00dflich wesentliche und gef\u00fchrte Abw\u00e4rmepotentiale<\/strong> berichten. Diese Meldung ist <strong>bis Ende Dezember 2024 zu leisten<\/strong>. Auf die Angabe diffuser und unwesentlicher Abw\u00e4rmequellen kann vorerst verzichtet werden. Abw\u00e4rmepotentiale mit einem durchschnittlichen j\u00e4hrlichen Temperaturniveau von unter 20\u00b0C gelten als unwesentlich und k\u00f6nnen ignoriert werden.<\/span><\/p>\n<p><span style=\"font-size: 12pt;\">Im Merkblatt wird davon ausgegangen, dass \u00fcber Abw\u00e4rmepotentiale bereits durch fortgeschrittene Energiemanagementsysteme nach ISO 50001, EMAS oder Energieaudits detaillierte Informationen bestehen. Sie sollten regelm\u00e4\u00dfig berechnet, aufgezeichnet und beschrieben werden. Sollten f\u00fcr die Erstmeldung an die BfEE noch keine messbaren oder genau ermittelten Werte verf\u00fcgbar sein, sind auch plausible und nachvollziehbare Sch\u00e4tzungen und anschlie\u00dfende Berechnungen zul\u00e4ssig. Diese sind nachvollziehbar f\u00fcr Dritte zu dokumentieren. Idealerweise sollten die erfassten Informationen dann \u00fcber Energieaudits oder zertifizierte Managementsysteme (ISO 50001 oder EMAS) best\u00e4tigt werden.<\/span><\/p>\n<p>&nbsp;<\/p>\n<h4><strong>Bis wann sind diese Daten zu berichten? Gibt es Fristen? <\/strong><\/h4>\n<p><img decoding=\"async\" class=\"wp-image-86918 aligncenter\" src=\"https:\/\/www.gallehr.de\/wordpress\/wp-content\/uploads\/2024\/04\/Screenshot-2024-04-22.jpg\" alt=\"\" width=\"524\" height=\"274\" srcset=\"https:\/\/www.gallehr.de\/wordpress\/wp-content\/uploads\/2024\/04\/Screenshot-2024-04-22.jpg 628w, https:\/\/www.gallehr.de\/wordpress\/wp-content\/uploads\/2024\/04\/Screenshot-2024-04-22-300x157.jpg 300w, https:\/\/www.gallehr.de\/wordpress\/wp-content\/uploads\/2024\/04\/Screenshot-2024-04-22-350x183.jpg 350w\" sizes=\"(max-width: 524px) 100vw, 524px\" \/><\/p>\n<p><span style=\"font-size: 12pt;\">Es bestehen einige Fristen zur \u00dcbermittlung oben genannter Informationen an die unter dem dach das BAFA BfEE. Prinzipiell ist dies ab jetzt jedes Jahr bis zum 31. M\u00e4rz zu erledigen. Im Grunde h\u00e4tte dies 2024 bis zum 01.Januar schon erstmalig passieren sollen. Da die Plattform allerdings erst seit Mitte April online und zug\u00e4nglich ist, wurde entschieden, den betroffenen Unternehmen<strong> bis Ende Dezember 2024 Zeit<\/strong> zu geben, die angeforderten Informationen zu erarbeiten und zu versenden. Bei Nichterf\u00fcllen der Pflichten sind Geldbu\u00dfen bis 50.000 \u20ac vorgesehen. Es besteht also eine gewisse Dringlichkeit, aber kein Grund zur Panik.<\/span><\/p>\n<p><img decoding=\"async\" class=\"aligncenter\" src=\"https:\/\/www.gallehr.de\/wordpress\/wp-content\/uploads\/2024\/03\/Hinweis2.png\" \/><\/p>\n<p><span style=\"font-size: 12pt;\">Gerne k\u00f6nnen wir Sie bei Bedarf der Aufnahme und Quantifizierung des Abw\u00e4rmepotentials unterst\u00fctzen. Gerne beraten wir, inwiefern Abw\u00e4rme vor Ort genutzt werden k\u00f6nnte und welche Optionen bei au\u00dferbetrieblicher Abw\u00e4rmenutzung bestehen. Dar\u00fcber hinaus unterst\u00fctzen wir gerne bei der Erstellung des Leistungsprofils, oder bei der \u00dcbermittlung und Kommunikation mit der BfEE.<\/span><\/p>\n<hr \/>\n<p class=\"reader-text-block__heading2\"><span style=\"font-size: 12pt;\"><strong>Bei <span style=\"color: #b01419;\">Fragen<\/span> stehen wir <span style=\"color: #b01419;\">Ihnen<\/span> gerne zur Verf\u00fcgung. <\/strong><a href=\"https:\/\/www.gallehr.de\/de\/kontakt\/\"><strong>Sprechen Sie uns gerne direkt an.<\/strong><\/a><\/span><\/p>\n<p>GALLEHR+PARTNER<sup>\u00ae<\/sup> ist seit 2007 der erfahrene Lotse f\u00fcr die Wirtschaft auf dem Weg zur CO\u2082-Neutralit\u00e4t. Zu dem Kundenstamm von GALLEHR+PARTNER<sup>\u00ae<\/sup> geh\u00f6rt eine Vielzahl national und international renommierter Unternehmen. Diese ber\u00e4t und unterst\u00fctzt GALLEHR+PARTNER<sup>\u00ae<\/sup> teilweise bis zur vollst\u00e4ndigen eigenverantwortlichen \u00dcbernahme relevanter Prozesse.<\/p>\n","protected":false},"excerpt":{"rendered":"<p>Energieeffizienzgesetz (EnEfG) News: Informationen zur Plattform f\u00fcr Abw\u00e4rme Hinweis: Eigentlich sollte die Plattform f\u00fcr Abw\u00e4rme bereits Anfang des Jahres online [&hellip;]<\/p>\n","protected":false},"author":10,"featured_media":0,"comment_status":"closed","ping_status":"closed","sticky":false,"template":"","format":"standard","meta":{"footnotes":""},"categories":[180,178],"tags":[],"class_list":["post-86917","post","type-post","status-publish","format-standard","hentry","category-news","category-archiv"],"_links":{"self":[{"href":"https:\/\/www.gallehr.de\/de\/wp-json\/wp\/v2\/posts\/86917","targetHints":{"allow":["GET"]}}],"collection":[{"href":"https:\/\/www.gallehr.de\/de\/wp-json\/wp\/v2\/posts"}],"about":[{"href":"https:\/\/www.gallehr.de\/de\/wp-json\/wp\/v2\/types\/post"}],"author":[{"embeddable":true,"href":"https:\/\/www.gallehr.de\/de\/wp-json\/wp\/v2\/users\/10"}],"replies":[{"embeddable":true,"href":"https:\/\/www.gallehr.de\/de\/wp-json\/wp\/v2\/comments?post=86917"}],"version-history":[{"count":0,"href":"https:\/\/www.gallehr.de\/de\/wp-json\/wp\/v2\/posts\/86917\/revisions"}],"wp:attachment":[{"href":"https:\/\/www.gallehr.de\/de\/wp-json\/wp\/v2\/media?parent=86917"}],"wp:term":[{"taxonomy":"category","embeddable":true,"href":"https:\/\/www.gallehr.de\/de\/wp-json\/wp\/v2\/categories?post=86917"},{"taxonomy":"post_tag","embeddable":true,"href":"https:\/\/www.gallehr.de\/de\/wp-json\/wp\/v2\/tags?post=86917"}],"curies":[{"name":"wp","href":"https:\/\/api.w.org\/{rel}","templated":true}]}}