{"id":86319,"date":"2023-09-11T14:27:46","date_gmt":"2023-09-11T12:27:46","guid":{"rendered":"https:\/\/www.gallehr.de\/?p=86319"},"modified":"2025-12-15T16:17:26","modified_gmt":"2025-12-15T15:17:26","slug":"wir-suchen-sie-als-industrieberaterin-w-m-d-klimaneutralitaet","status":"publish","type":"post","link":"https:\/\/www.gallehr.de\/de\/wir-suchen-sie-als-industrieberaterin-w-m-d-klimaneutralitaet\/","title":{"rendered":"Wir suchen Sie als Industrieberater:in (w\/m\/d) Klimaneutralit\u00e4t"},"content":{"rendered":"<h1><strong>Werde Teil der Familie, willkommen bei GALLEHR+PARTNER<sup>\u00ae<\/sup><\/strong><\/h1>\n<p class=\"western\">M\u00f6chten Sie Ihre Ideen in <strong>zukunftsf\u00e4hige L\u00f6sungen f\u00fcr Unternehmen<\/strong> verwandeln?<br \/>\nM\u00f6chten Sie dabei helfen, Industrieunternehmen <strong>auf ihrem Weg in eine klimaneutrale, kreislaufwirtschaftliche und erneuerbare Zukunft<\/strong> zu unterst\u00fctzen? Egal, ob es um <strong><a href=\"https:\/\/www.gallehr.de\/leistungen\/\" target=\"_blank\" rel=\"noopener\">Emissionshandel, Energieeffizienz, Energie- und Klimamanagement<\/a><\/strong> geht oder &#8211; vielleicht noch spannender f\u00fcr Sie &#8211; um eine<strong> Kombination dieser Themen<\/strong>?<\/p>\n<h3 class=\"western\">Wir suchen Sie als<\/h3>\n<h2 class=\"western\"><b>Industrieberater:in (w\/m\/d) Klimaneutralit\u00e4t <\/b><\/h2>\n<p class=\"western\">Bei uns haben Sie die M\u00f6glichkeit, <strong>international agierenden Industrieunternehmen<\/strong> zu helfen, eine der dr\u00e4ngendsten Herausforderungen unserer Zeit zu bew\u00e4ltigen: <strong>fit zu werden f\u00fcr eine klimaneutrale und ressourceneffiziente Zukunft<\/strong>.<\/p>\n<p><img decoding=\"async\" class=\"aligncenter wp-image-85035 size-medium\" src=\"https:\/\/www.gallehr.de\/wordpress\/wp-content\/uploads\/2021\/02\/Zusammen-300x225.png\" alt=\"Mitarbeitersuche Jobangebot Industrieberater:in (w\/m\/d) Klimaneutralit\u00e4t bei GALLEHR+PARTNER(R)\" width=\"300\" height=\"225\" srcset=\"https:\/\/www.gallehr.de\/wordpress\/wp-content\/uploads\/2021\/02\/Zusammen-300x225.png 300w, https:\/\/www.gallehr.de\/wordpress\/wp-content\/uploads\/2021\/02\/Zusammen.png 640w\" sizes=\"(max-width: 300px) 100vw, 300px\" \/><\/p>\n<h2>Ihre Aufgaben<\/h2>\n<ul>\n<li><strong>In die Praxis eintauchen:<\/strong> Sie werden unsere Kunden in verschiedenen Themen unterst\u00fctzen, insbesondere bei der Erf\u00fcllung der Anforderungen im Europ\u00e4ischen CO<sub>2<\/sub>-Emissionshandel. Hierbei werden Sie ihnen helfen, ihre konkreten Treibhausgasemissionen zu ermitteln, sie bei der Abstimmung mit regulatorischen und zivilgesellschaftlichen Stellen unterst\u00fctzen und dabei das digitale Treibhausgasregister der EU-Kommission kennenlernen.<\/li>\n<li><strong>Innovativ und um die Ecke denken:<\/strong> Sie werden von Anfang an daran beteiligt sein, gemeinsam mit unserem Team Strategien und L\u00f6sungswege zu entwickeln, um unsere Kunden auf ihrem Weg in die Klimaneutralit\u00e4t zu begleiten. Kreatives und innovatives Denken sind gefragt.<\/li>\n<li><strong>Souver\u00e4n abwickeln:<\/strong> Sie werden direkten Kundenkontakt haben und gemeinsam mit unserem Team sicherstellen, dass alle Aufgaben f\u00fcr unsere Kunden rechtzeitig erledigt werden und die Kunden zufrieden sind.<\/li>\n<li><strong>Weiterbildung:<\/strong> Da Sie in einem dynamischen Umfeld arbeiten, wird die laufende Weiterbildung zu einem wichtigen Bestandteil des Arbeitsalltags geh\u00f6ren.<\/li>\n<\/ul>\n<h2>Ihr Profil<\/h2>\n<ul>\n<li><strong>Ausbildung:<\/strong> Idealerweise haben Sie eine Ausbildung in einem relevanten Bereich, wie Umwelttechnik, Ingenieurwesen, einem MINT-Fach oder in einem \u00e4quivalenten Bereich.<\/li>\n<li><strong>Pers\u00f6nlichkeit:<\/strong> Sie sind teamf\u00e4hig, offen, engagiert und neugierig darauf, wie alle Aspekte miteinander in Verbindung stehen.<\/li>\n<li><strong>Arbeitsweise:<\/strong> Ihre Arbeitsweise zeichnet sich durch Struktur, Pr\u00e4zision, Agilit\u00e4t und Zielstrebigkeit aus. Sie legen hohen Wert auf Exzellenz in Ihrer Arbeit.<\/li>\n<li><strong>Genauigkeit und Eigenverantwortung:<\/strong> Jedes unserer Ergebnisse wird am Ende von unabh\u00e4ngigen Gutachtern und \u00f6ffentlichen Stellen \u00fcberpr\u00fcft und best\u00e4tigt. Daher ist eine strukturierte und eigenverantwortliche Arbeitsweise unerl\u00e4sslich.<\/li>\n<li><strong>Erfahrungen:<\/strong> Vielleicht konnten Sie bereits erste Berufserfahrung in der Industrie sammeln, insbesondere in den Bereichen Energiewirtschaft, Klima- und Umweltschutz. Wenn nicht, auch OK!<\/li>\n<li><strong>IT-Know-How:<\/strong> Sehr gute Kenntnisse in der Nutzung von Office-Software, <strong>insbesondere Excel,<\/strong> sowie Erfahrung im Umgang mit <strong>digitalen Plattformen<\/strong> sind w\u00fcnschenswert.<\/li>\n<li><strong>Motivation:<\/strong> Sie sind motiviert und begeistert f\u00fcr die Herausforderungen, denen sich die Industrie im Rahmen der Energiewende und des Klimaschutzes gegen\u00fcbersieht. Sie interessieren sich f\u00fcr technische, wirtschaftliche und nachhaltige Optimierungsm\u00f6glichkeiten im Hinblick auf die Energiewende und Klimaneutralit\u00e4t.<\/li>\n<li><strong>Sprachen:<\/strong> Sie beherrschen Deutsch auf Verhandlungsniveau und verf\u00fcgen \u00fcber gute Englischkenntnisse in Wort und Schrift.<\/li>\n<\/ul>\n<h2>Was wir Ihnen bieten:<\/h2>\n<ul>\n<li>Bei uns arbeiten Sie in einem Team von engagierten, kompetenten und <strong>hochmotivierten Kolleg:innen<\/strong>, die ihre Expertise und <strong>Leidenschaft f\u00fcr die Herausforderungen und L\u00f6sungen unserer Zeit<\/strong> teilen.<\/li>\n<li>Sie arbeiten in einer Umgebung mit flachen Hierarchien, wo<strong> Ideen und Vorschl\u00e4ge gesch\u00e4tzt werden<\/strong> und Entscheidungen schnell getroffen werden k\u00f6nnen. <strong>Wir ermutigen zur Kreativit\u00e4t<\/strong> und bieten Ihnen die M\u00f6glichkeit, sich beruflich weiterzuentwickeln.<\/li>\n<li>Wir haben ein <strong>weitreichendes Netzwerk in Energiewirtschaft und internationalem Klimaschutz<\/strong>, in Verb\u00e4nden, mit Experten und in der Politik, von dem Sie profitieren k\u00f6nnen.<\/li>\n<li>Ihre T\u00e4tigkeit wird abwechslungsreich sein. Sie werden mit <strong>internationalen Unternehmen<\/strong> zusammenarbeiten, um sie bei ihren Herausforderungen bei der<strong> Transformation Richtung Klimaneutralit\u00e4t<\/strong> zu unterst\u00fctzen.<\/li>\n<li>Unser <strong>Hauptsitz<\/strong> liegt nur <strong>30 Minuten mit der S-Bahn vom Zentrum Frankfurt am Main<\/strong> entfernt. Mitten im Zentrum der hessischen Landeshauptstadt <strong>Wiesbaden<\/strong> er\u00f6ffnen wir gerade einen weiteren Standort<\/li>\n<li>In Karben k\u00f6nnen Sie Ihr <strong>Elektroauto oder e-Bike<\/strong> bei uns aufladen und so Ihren Beitrag zur Nachhaltigkeit leisten.<\/li>\n<li>Wir bieten Ihnen die M\u00f6glichkeit, bequem und umweltfreundlich zu reisen und stellen Ihnen daf\u00fcr ein <strong>&#8222;Deutschlandticket&#8220; und eine Bahncard 50<\/strong><\/li>\n<\/ul>\n<h2>Was noch wichtig ist<\/h2>\n<ul>\n<li><strong>Anstellungsart:<\/strong> Die Anstellung ist unbefristet, was Ihnen langfristige Sicherheit bietet.<\/li>\n<li><strong>Startdatum:<\/strong> Die Position ist ab sofort verf\u00fcgbar, sodass Sie direkt in Ihre neue Rolle einsteigen k\u00f6nnen.<\/li>\n<li><strong>Arbeitszeit:<\/strong> Sie haben die Wahl zwischen Vollzeit, vollzeitnaher Teilzeit oder Teilzeit. Unser Team ist werktags den ganzen Tag erreichbar. Ihre Arbeitszeit kann flexibel an den eigenen Biorhythmus angepasst werden, solange gen\u00fcgend Zeit f\u00fcr den pers\u00f6nlichen Austausch untereinander bleibt.<\/li>\n<li><strong>Arbeitsort:<\/strong> Wir bieten alle M\u00f6glichkeiten zum mobilen Arbeiten, aber es ist uns wichtig, ausreichend Zeit f\u00fcr pers\u00f6nliche Treffen in unseren B\u00fcros in Karben bei Frankfurt am Main und Wiesbaden zu haben. Weitere B\u00fcros sind in Planung.<\/li>\n<li><strong>Familienfreundlichkeit:<\/strong> Wir sind ein familienfreundliches Unternehmen und ermutigen insbesondere Ingenieur:innen, die sich in Elternzeit befinden oder diese bereits abgeschlossen haben und wieder in das Berufsleben einsteigen m\u00f6chten, sich bei uns zu bewerben. Wir sind stolz darauf, ein vielf\u00e4ltiges und offenes Unternehmen zu sein.<\/li>\n<\/ul>\n<h2>Kontakt<\/h2>\n<p>Falls Sie noch Fragen zum Job oder zu unserem Unternehmen hast, z\u00f6gern Sie bitte nicht, uns zu kontaktieren. Wir sind jederzeit f\u00fcr Sie da. Sie k\u00f6nnen uns entweder telefonisch unter +49 6039 9263686 erreichen oder uns \u00fcber unser <a href=\"https:\/\/www.gallehr.de\/de\/kontakt\/\" target=\"_blank\" rel=\"noopener\">Kontaktformular<\/a> kontaktieren.<\/p>\n<h2>Wir freuen uns darauf, von Ihnen zu h\u00f6ren und alle Ihre Fragen zu beantworten.<\/h2>\n","protected":false},"excerpt":{"rendered":"<p>Werde Teil der Familie, willkommen bei GALLEHR+PARTNER\u00ae M\u00f6chten Sie Ihre Ideen in zukunftsf\u00e4hige L\u00f6sungen f\u00fcr Unternehmen verwandeln? M\u00f6chten Sie dabei [&hellip;]<\/p>\n","protected":false},"author":2,"featured_media":0,"comment_status":"closed","ping_status":"closed","sticky":false,"template":"","format":"standard","meta":{"footnotes":""},"categories":[180,566],"tags":[],"class_list":["post-86319","post","type-post","status-publish","format-standard","hentry","category-news","category-jobs"],"_links":{"self":[{"href":"https:\/\/www.gallehr.de\/de\/wp-json\/wp\/v2\/posts\/86319","targetHints":{"allow":["GET"]}}],"collection":[{"href":"https:\/\/www.gallehr.de\/de\/wp-json\/wp\/v2\/posts"}],"about":[{"href":"https:\/\/www.gallehr.de\/de\/wp-json\/wp\/v2\/types\/post"}],"author":[{"embeddable":true,"href":"https:\/\/www.gallehr.de\/de\/wp-json\/wp\/v2\/users\/2"}],"replies":[{"embeddable":true,"href":"https:\/\/www.gallehr.de\/de\/wp-json\/wp\/v2\/comments?post=86319"}],"version-history":[{"count":0,"href":"https:\/\/www.gallehr.de\/de\/wp-json\/wp\/v2\/posts\/86319\/revisions"}],"wp:attachment":[{"href":"https:\/\/www.gallehr.de\/de\/wp-json\/wp\/v2\/media?parent=86319"}],"wp:term":[{"taxonomy":"category","embeddable":true,"href":"https:\/\/www.gallehr.de\/de\/wp-json\/wp\/v2\/categories?post=86319"},{"taxonomy":"post_tag","embeddable":true,"href":"https:\/\/www.gallehr.de\/de\/wp-json\/wp\/v2\/tags?post=86319"}],"curies":[{"name":"wp","href":"https:\/\/api.w.org\/{rel}","templated":true}]}}