{"id":85821,"date":"2022-12-09T17:44:17","date_gmt":"2022-12-09T16:44:17","guid":{"rendered":"https:\/\/hostsharing.gallehr.de\/?p=85821"},"modified":"2022-12-09T17:44:17","modified_gmt":"2022-12-09T16:44:17","slug":"anwendbarkeit-der-red-ii-nachhaltigkeitsanforderungen-im-europaeischem-emissionshandel","status":"publish","type":"post","link":"https:\/\/www.gallehr.de\/de\/anwendbarkeit-der-red-ii-nachhaltigkeitsanforderungen-im-europaeischem-emissionshandel\/","title":{"rendered":"Anwendbarkeit der RED II-Nachhaltigkeitsanforderungen im Europ\u00e4ischem Emissionshandel"},"content":{"rendered":"<h1><img decoding=\"async\" class=\"alignnone wp-image-85493 size-full\" src=\"https:\/\/www.gallehr.de\/wordpress\/wp-content\/uploads\/2022\/07\/sky-clouds-background-1-scaled.jpg\" alt=\"Treibhausgase symbolisiert durch Wolken\" width=\"5120\" height=\"979\" srcset=\"https:\/\/www.gallehr.de\/wordpress\/wp-content\/uploads\/2022\/07\/sky-clouds-background-1-scaled.jpg 5120w, https:\/\/www.gallehr.de\/wordpress\/wp-content\/uploads\/2022\/07\/sky-clouds-background-1-300x57.jpg 300w, https:\/\/www.gallehr.de\/wordpress\/wp-content\/uploads\/2022\/07\/sky-clouds-background-1-1024x196.jpg 1024w, https:\/\/www.gallehr.de\/wordpress\/wp-content\/uploads\/2022\/07\/sky-clouds-background-1-768x147.jpg 768w, https:\/\/www.gallehr.de\/wordpress\/wp-content\/uploads\/2022\/07\/sky-clouds-background-1-1536x294.jpg 1536w, https:\/\/www.gallehr.de\/wordpress\/wp-content\/uploads\/2022\/07\/sky-clouds-background-1-2048x391.jpg 2048w\" sizes=\"(max-width: 5120px) 100vw, 5120px\" \/><\/h1>\n<h2>Die RED II-Nachhaltigkeitsanforderungen im Europ\u00e4ischem Emissionshandel und deren Anwendbarkeit<\/h2>\n<p>Viele Anlagenbetreiber sind von den im Jahr 2023 kommenden Nachhaltigkeitsanforderungen im Europ\u00e4ischem Emissionshandel betroffen. Die Deutsche Emissionshandelsstelle (<a href=\"https:\/\/www.dehst.de\/DE\/startseite\/startseite-node.html\">DEHSt<\/a>) hat diesbez\u00fcglich am <a href=\"https:\/\/www.dehst.de\/SharedDocs\/Newsletter\/DE\/2022\/2022-11-30_eu-ets-red-II-umsetzung.html?view=renderNewsletterHtml\" target=\"_blank\" rel=\"noopener\">30.11.2022 einen Newsletter<\/a> ver\u00f6ffentlicht, welcher in diesem Artikel behandelt wird, um Anlagenbetreiber auf 2023 vorzubereiten.<\/p>\n<p>Die DEHSt schreibt in ihrem Newsletter \u00fcber die Verschiebung der Umsetzungsstart der Anforderungen an die Nachhaltigkeit nach RED II im Europ\u00e4ischem Emissionshandel auf 2023. Bis zum 31.12.2022 k\u00f6nnen noch <a href=\"https:\/\/www.gallehr.de\/de\/referentenentwurf-ueber-die-emissionsberichterstattung-nach-dem-behg-veroeffentlicht\/\">Treibhausgasminderungsanforderungen<\/a> ohne weitere Nachweise als erf\u00fcllt betrachtet werden. Dies \u00e4ndert sich jedoch zu Beginn n\u00e4chsten Jahres. Die DEHSt schreibt, &#8222;erstmals m\u00fcssen Sie Nachhaltigkeitsnachweise f\u00fcr die im Berichtsjahr 2023 eingesetzte feste und gasf\u00f6rmige Biomasse vorlegen&#8220;. Dies gilt f\u00fcr die Abgabe des Emissionsberichts f\u00fcr 2023 im Jahre 2024.<\/p>\n<p>Des Weiteren beschreibt die DEHSt, wie sie die Monitoring-Verordnung (<a href=\"https:\/\/www.dehst.de\/DE\/Europaeischer-Emissionshandel\/Luftfahrzeugbetreiber\/Emissionshandel\/Monitoring\/monitoring_node.html\">MVO<\/a>) umsetzen wird. Es soll der Emissionsfaktor f\u00fcr fl\u00fcssige Biomasse und Biokraftstoffe mit null bewertet werden, &#8222;wenn die im Nachhaltige-Biomasse-System (<a href=\"https:\/\/nabisy.ble.de\/app\/start\">Nabisy<\/a>) der Bundesanstalt f\u00fcr Landwirtschaft und Ern\u00e4hrung (<a href=\"https:\/\/www.ble.de\/DE\/Startseite\/startseite_node.html\">BLE<\/a>) verf\u00fcgbaren Nachhaltigkeitsnachweise vorgelegt werden k\u00f6nnen&#8220;.<\/p>\n<h2>Wann werden weitere Umsetzungsschritte der DEHSt ver\u00f6ffentlicht?<\/h2>\n<p>Erst nach dem Inkrafttreten der gesetzlichen Vorschriften kann die DEHSt und alle Beteiligten mit der Umsetzung beginnen. Der bisher ver\u00f6ffentlichte <a href=\"https:\/\/www.dehst.de\/SharedDocs\/downloads\/DE\/stationaere_anlagen\/2021-2030\/Ueberwachungsplan-Emissionsbericht_Leitfaden.pdf?__blob=publicationFile&amp;v=2\">Leitfaden<\/a> behandelt die kommenden gesetzlichen Vorgaben und beschreibt diese. Vor allem die Umsetzung der derzeit geltenden \u00dcberwachungspl\u00e4ne hat Einzug in den Leitfaden erhalten.<\/p>\n<p>Laut DEHSt wird es eine Web-Anbindung zur Nachweisf\u00fchrung f\u00fcr Nabisy unter Federf\u00fchrung der Bundesanstalt f\u00fcr Landwirtschaft und Ern\u00e4hrung mit den f\u00fcr den EU-Emissionshandelssystem (<abbr class=\"has-tip tip-bottom\" title=\"European Union emission trading system (Europ\u00e4isches Emissionshandelssystem)\" data-tooltip=\"\" aria-haspopup=\"true\"><a href=\"https:\/\/climate.ec.europa.eu\/eu-action\/eu-emissions-trading-system-eu-ets_de\">EU-ETS<\/a>)<\/abbr> erforderlichen Funktionalit\u00e4ten geben.<\/p>\n<p>Die DEHSt wird den betroffenen <a href=\"https:\/\/www.bgetem.de\/arbeitssicherheit-gesundheitsschutz\/themen-von-a-z-1\/elektrische-gefaehrdungen-1\/elektrotechnische-arbeiten-qualifikation\/qualifikation-fuer-elektrotechnische-arbeiten\/anlagenbetreiber\">Anlagenbetreibern <\/a>jedoch einen angemessenen Zeitraum zur Umsetzung der geforderten Ma\u00dfnahmen gew\u00e4hren.<\/p>\n<h2>Sind Emissionen durch Biomasse aus nachhaltiger Herstellung abzugsf\u00e4hig ab 2023?<\/h2>\n<p>Anlagenbetreiber \u00fcberwachen weiterhin ab dem 01.01.2023 die Emissionen Ihrer Anlage auf der Grundlage des derzeit genehmigten \u00dcberwachungsplans. F\u00fcr die anstehende Anpassung der \u00dcberwachungspl\u00e4ne zur \u00dcberpr\u00fcfung der Nachhaltigkeit von Biomasse sollen Anlagenbetreiber die neue Version der Leitlinien ber\u00fccksichtigen. F\u00fcr den Zeitraum ab dem 01.01.2023 verlangt die DEHSt dann von Anlagenbetreibern r\u00fcckwirkend nur noch Nachweise im Rahmen des tats\u00e4chlich M\u00f6glichen.<\/p>\n<p>Ab dem Emissionsbericht 2023 sollten Nachhaltigkeitsnachweise f\u00fcr biogene Emissionen nur noch nach den dann geltenden \u00dcbergangsbestimmungen der Emissionshandelsverordnung eingereicht werden. Dabei wird davon ausgegangen, dass zu diesem Zeitpunkt tats\u00e4chlich Nachhaltigkeitsnachweise f\u00fcr das EU-Emissionshandelssystem vorliegen.<\/p>\n<h2>Wie geht es jetzt weiter?<\/h2>\n<p>Wie bisher wird die DEHSt in einer neuen Version von Kapitel 8 Ihres Leitfadens alle neuen gesetzlichen Anforderungen der Emissionshandelsverordnung 2030 im Detail erl\u00e4utern.<\/p>\n<p>Der Leitfaden wird erst nach Inkrafttreten der Novelle der Emissionshandelsverordnung 2030 ver\u00f6ffentlicht werden.<\/p>\n<p>Anlagenbetreiber sollten die neue Version des Leitfadens ber\u00fccksichtigen, wenn Sie die \u00dcberwachungspl\u00e4ne f\u00fcr den Nachweis der Nachhaltigkeit aktualisieren.<\/p>\n<p>&nbsp;<\/p>\n<h4><strong><a href=\"https:\/\/www.gallehr.de\/\" target=\"_blank\" rel=\"noopener\">GALLEHR+PARTNER<sup>\u00ae<\/sup><\/a> ist seit 2007 der <a href=\"https:\/\/www.gallehr.de\/leistungen\/\" target=\"_blank\" rel=\"noopener\">erfahrene Lotse<\/a> f\u00fcr die Wirtschaft auf dem Weg zur CO\u2082-Neutralit\u00e4t. Zu den Kunden von GALLEHR+PARTNER<sup>\u00ae<\/sup> geh\u00f6rt eine Vielzahl national und international renommierter Unternehmen. <\/strong><strong>Diese ber\u00e4t und unterst\u00fctzt GALLEHR+PARTNER<sup>\u00ae<\/sup> teilweise bis zur vollst\u00e4ndigen eigenverantwortlichen \u00dcbernahme relevanter Prozesse inkl. bei <a href=\"https:\/\/www.gallehr.de\/leistungen\/verpflichtender-emissionshandel-eu-und-de\/\" target=\"_blank\" rel=\"noopener\">Fragen<\/a> rund um das Thema Emissionsberichterstattung, Transformationskonzepte und Carbon Footprint. <\/strong><\/h4>\n<h3><strong>Folgende T\u00e4tigkeiten f\u00fchren wir in diesem Umfeld gerne f\u00fcr Sie durch:<\/strong><\/h3>\n<ul>\n<li><a href=\"https:\/\/www.gallehr.de\/leistungen\/\">Beantragung und Verwaltung von F\u00f6rdermitteln<\/a><\/li>\n<li><a href=\"https:\/\/www.gallehr.de\/leistungen\/klima-und-csr-strategie\/\">Erstellung von f\u00f6rderf\u00e4higen Transformationskonzepten inkl. Zielentwicklung, Strategieentwicklung und Managementberatung zur wirksamen Zielerreichung<\/a><\/li>\n<li><a href=\"https:\/\/www.gallehr.de\/leistungen\/managementsysteme\/\">Entwicklung, Einf\u00fchrung und Betrieb von Energie-, Umwelt- und Klimamanagementsystemen<\/a><\/li>\n<li><a href=\"https:\/\/www.gallehr.de\/leistungen\/carbon-footprint\/\" target=\"_blank\" rel=\"noopener\">Erstellung von Carbon Footprints<\/a><\/li>\n<\/ul>\n","protected":false},"excerpt":{"rendered":"<p>Die RED II-Nachhaltigkeitsanforderungen im Europ\u00e4ischem Emissionshandel und deren Anwendbarkeit Viele Anlagenbetreiber sind von den im Jahr 2023 kommenden Nachhaltigkeitsanforderungen im [&hellip;]<\/p>\n","protected":false},"author":2,"featured_media":0,"comment_status":"closed","ping_status":"closed","sticky":false,"template":"","format":"standard","meta":{"footnotes":""},"categories":[180,178],"tags":[715,716,717,718,719,720],"class_list":["post-85821","post","type-post","status-publish","format-standard","hentry","category-news","category-archiv","tag-red-ii-nachhaltigkeitsanforderungen","tag-nachhaltigkeitsnachweise","tag-eu-emissionshandelssystem","tag-emissionen-durch-biomasse","tag-treibhausgasminderungsanforderungen","tag-biogene-emissionen"],"_links":{"self":[{"href":"https:\/\/www.gallehr.de\/de\/wp-json\/wp\/v2\/posts\/85821","targetHints":{"allow":["GET"]}}],"collection":[{"href":"https:\/\/www.gallehr.de\/de\/wp-json\/wp\/v2\/posts"}],"about":[{"href":"https:\/\/www.gallehr.de\/de\/wp-json\/wp\/v2\/types\/post"}],"author":[{"embeddable":true,"href":"https:\/\/www.gallehr.de\/de\/wp-json\/wp\/v2\/users\/2"}],"replies":[{"embeddable":true,"href":"https:\/\/www.gallehr.de\/de\/wp-json\/wp\/v2\/comments?post=85821"}],"version-history":[{"count":0,"href":"https:\/\/www.gallehr.de\/de\/wp-json\/wp\/v2\/posts\/85821\/revisions"}],"wp:attachment":[{"href":"https:\/\/www.gallehr.de\/de\/wp-json\/wp\/v2\/media?parent=85821"}],"wp:term":[{"taxonomy":"category","embeddable":true,"href":"https:\/\/www.gallehr.de\/de\/wp-json\/wp\/v2\/categories?post=85821"},{"taxonomy":"post_tag","embeddable":true,"href":"https:\/\/www.gallehr.de\/de\/wp-json\/wp\/v2\/tags?post=85821"}],"curies":[{"name":"wp","href":"https:\/\/api.w.org\/{rel}","templated":true}]}}