{"id":85781,"date":"2022-11-14T11:27:47","date_gmt":"2022-11-14T10:27:47","guid":{"rendered":"https:\/\/hostsharing.gallehr.de\/?p=85781"},"modified":"2025-11-17T17:15:42","modified_gmt":"2025-11-17T16:15:42","slug":"gallehrpartner-teilnehmer-der-27-klimakonferenz","status":"publish","type":"post","link":"https:\/\/www.gallehr.de\/de\/gallehrpartner-teilnehmer-der-27-klimakonferenz\/","title":{"rendered":"GALLEHR+PARTNER<sup>&reg;<\/sup> &#8211; Teilnehmer der 27. Klimakonferenz (COP27)"},"content":{"rendered":"<h2>27. Klimakonferenz der Vereinten Nationen in Scharm El-Scheich, \u00c4gypten<\/h2>\n<h3>COP27 &#8211; Themenschwerpunkte<\/h3>\n<p><span style=\"font-size: 12pt;\">Die vom 06.11. &#8211; 18.11.2022 andauernde 27. Klimakonferenz der Vereinten Nationen (COP27) startet mit dem heutigen Tag (Montag, den 14.11.2022) in ihre zweite Woche. Auch in diesem Jahr kommen die teilnehmenden Nationen zusammen, um ihre klimarelevanten Anliegen hervorzubringen, zu diskutieren und vor allem in Richtung einer klimafreundlichen Zukunft weiterzuentwickeln. W\u00e4hrend die diesj\u00e4hrige Klimakonferenz den Themenschwerpunkt &#8222;Umsetzung&#8220; (eng.<a href=\"https:\/\/www.bmz.de\/resource\/blob\/127396\/2cc4052f72a2ef8bb303bc5713353fbe\/bmz-informationspapier-zur-cop27-data.pdf\" target=\"_blank\" rel=\"noopener\">&#8222;implementation&#8220;<\/a>), der im Vorjahr verabschiedeten Klimazielen sowie -ma\u00dfnahmen (COP26) tr\u00e4gt, verweist das COP27-Pr\u00e4sidium auf weitere relevante Hauptthemen. Infolgedessen steht die globale Verringerung der Treibhausgasemissionen (ENG: <a href=\"https:\/\/www.bmz.de\/resource\/blob\/127396\/2cc4052f72a2ef8bb303bc5713353fbe\/bmz-informationspapier-zur-cop27-data.pdf\" target=\"_blank\" rel=\"noopener\">&#8222;mitigation&#8220;<\/a>), die Anpassung an den Klimawandel (ENG: <a href=\"https:\/\/www.bmz.de\/resource\/blob\/127396\/2cc4052f72a2ef8bb303bc5713353fbe\/bmz-informationspapier-zur-cop27-data.pdf\" target=\"_blank\" rel=\"noopener\">&#8222;adaptation&#8220;<\/a>), ebenso die Abwendung, Minimierung und Bek\u00e4mpfung von Verlusten und Sch\u00e4den im Zusammenhang mit den negativen Auswirkungen des Klimawandels sowie die Finanzierung von Klimaschutzma\u00dfnahmen in Entwicklungsl\u00e4ndern im Mittelpunkt der diesj\u00e4hrigen Klimakonferenz.<\/span><\/p>\n<h3>Aktuelle Entwicklungen<\/h3>\n<p><span style=\"font-size: 12pt;\">Angesichts der Schwerpunkte der 27. Klimakonferenz steht die historische sowie aktuelle Verantwortung der Industriestaaten f\u00fcr den Zustand der Welt im Mittelpunkt der Debatte. Folglich zielt der von Bundeskanzel Scholz vorgeschlagenen <a href=\"https:\/\/www.faz.net\/aktuell\/politik\/ausland\/weltklimakonferenz-deutschland-spricht-mit-vielen-stimmen-18443945.html\" target=\"_blank\" rel=\"noopener\">&#8222;Schutzschirm gegen Klimarisiken&#8220;<\/a> darauf ab, die durch den anthropogenen Klimawandel verwundbarsten Staaten zuk\u00fcnftig st\u00e4rker in ihren Bestrebungen, Anpassung-Prozesse einzuleiten, unterst\u00fctzen zu k\u00f6nnen. Anders formuliert behandelt der angesto\u00dfene Schutzschirm die Entwicklung von weiteren Finanzierungsmechanismen der Thematik &#8222;Loss and Damages&#8220; in betroffenen Regionen. Ebenfalls unterst\u00fctzt das am 11. November.2022 angek\u00fcndigte neue <a href=\"https:\/\/www.whitehouse.gov\/briefing-room\/statements-releases\/2022\/11\/11\/fact-sheet-president-biden-announces-new-initiatives-at-cop27-to-strengthen-u-s-leadership-in-tackling-climate-change\/\" target=\"_blank\" rel=\"noopener\">Initiative-Programm der US-Regierung<\/a> die aktuelle Debatte. Hintergrund der aktuellen Entwicklungen ist der im <a href=\"https:\/\/unfccc.int\/sites\/default\/files\/resource\/cma2021_L16_adv.pdf\" target=\"_blank\" rel=\"noopener\">Abschlusspapier der letztj\u00e4hrige Cop26<\/a> festgehaltene Grundsatz des von 2021 bis 2025 geltende <a href=\"https:\/\/www.bmuv.de\/pressemitteilung\/26-weltklimakonferenz-fossiles-zeitalter-geht-zu-ende\" target=\"_blank\" rel=\"noopener\">&#8222;100-Milliarden-Dollar-Versprechen&#8220;<\/a>. Zum \u00c4rger der betroffenen und auch fordernden Entwicklungsl\u00e4nder trifft die versprochene Erh\u00f6hung der Geldmittel zur Kompensation von Klimasch\u00e4den mit der Realit\u00e4t nicht zusammen. <\/span><span style=\"font-size: 12pt;\">Es bleibt abzuwarten, zu welchen Ergebnissen und damit auch Kompromissen die teilnehmenden Staaten bei ihrer Abschlusspressekonferenz am 18. November.2022 kommen werden. \u00a0<\/span><\/p>\n<figure id=\"attachment_85792\" aria-describedby=\"caption-attachment-85792\" style=\"width: 1000px\" class=\"wp-caption aligncenter\"><a href=\"https:\/\/www.br.de\/nachrichten\/wissen\/klimawandel-die-wichtigsten-co2-fakten-visualisiert,RbqFZV0\"><img decoding=\"async\" class=\"wp-image-85792\" src=\"https:\/\/www.gallehr.de\/wordpress\/wp-content\/uploads\/2022\/11\/7eb145de-31ea-4589-9762-373d82e0e4b5.jpeg\" alt=\"\" width=\"1000\" height=\"562\" srcset=\"https:\/\/www.gallehr.de\/wordpress\/wp-content\/uploads\/2022\/11\/7eb145de-31ea-4589-9762-373d82e0e4b5.jpeg 1194w, https:\/\/www.gallehr.de\/wordpress\/wp-content\/uploads\/2022\/11\/7eb145de-31ea-4589-9762-373d82e0e4b5-300x169.jpeg 300w, https:\/\/www.gallehr.de\/wordpress\/wp-content\/uploads\/2022\/11\/7eb145de-31ea-4589-9762-373d82e0e4b5-1024x575.jpeg 1024w, https:\/\/www.gallehr.de\/wordpress\/wp-content\/uploads\/2022\/11\/7eb145de-31ea-4589-9762-373d82e0e4b5-768x432.jpeg 768w, https:\/\/www.gallehr.de\/wordpress\/wp-content\/uploads\/2022\/11\/7eb145de-31ea-4589-9762-373d82e0e4b5-350x197.jpeg 350w\" sizes=\"(max-width: 1000px) 100vw, 1000px\" \/><\/a><figcaption id=\"caption-attachment-85792\" class=\"wp-caption-text\">Quelle: https:\/\/www.br.de\/nachrichten\/wissen\/klimawandel-die-wichtigsten-co2-fakten-visualisiert,RbqFZV0<\/figcaption><\/figure>\n<h3>GALLEHR+PARTNER<sup>\u00ae<\/sup> in Verbindung mit e5 \u2013 European Business Council for Sustainable Energy e.V. unter den COP27-Teilnehmern<\/h3>\n<p><span style=\"font-size: 12pt;\">GALLEHR+PARTNER<sup>\u00ae<\/sup> in Kooperation mit dem <a href=\"https:\/\/www.e5.org\/\" target=\"_blank\" rel=\"noopener\">European Business Council for Sustainable Energy e.V. &#8211; e5<\/a>, wurde auch dieses Jahr die M\u00f6glichkeit gegeben an der 27. Klimakonferenz (COP27) teilzunehmen. Dabei besteht der Grundsatz unserer Kooperation mit dem <a href=\"https:\/\/www.e5.org\/\" target=\"_blank\" rel=\"noopener\">European Business Council for Sustainable Energy e.V<\/a>. auf der Forderung zum globalen Ausstieg aus der Nutzung von fossilen Energietr\u00e4gern sowie fossilen Materialien. Zus\u00e4tzlich unterst\u00fctzt GALLEHR+PARTNER<sup>\u00ae <\/sup>die angesto\u00dfene Forschungsinitiative des<a href=\"https:\/\/www.e5.org\/\" target=\"_blank\" rel=\"noopener\"> European Business Council for Sustainable Energy e.V.<\/a> in Verbindung mit der Forschungsplattform <a href=\"https:\/\/cdrterra.de\/\" target=\"_blank\" rel=\"noopener\">CDRterra<\/a> zur Etablierung von Carbon Dioxide Removal &#8211; Technologien (CDR) w\u00e4hrend der Herstellung von Baustoffen. Hintergrund dieser Forschungsinitiative behandelt die Nutzung von atmosph\u00e4rischem CO\u2082 in der Bauindustriebranche mit dem Ziel, &#8222;Netto-Carbon-Senken&#8220; zu erzeugen. Abschlie\u00dfend freuen wir uns als Lotsen f\u00fcr die Industrie auf dem Weg zur CO\u2082-Neutralit\u00e4t, auf einen angeregten Austausch mit allen COP27-Teilnehmern zu aktuellen Themen.\u00a0<\/span><\/p>\n<figure id=\"attachment_85796\" aria-describedby=\"caption-attachment-85796\" style=\"width: 720px\" class=\"wp-caption aligncenter\"><img decoding=\"async\" class=\"wp-image-85796 size-full\" src=\"https:\/\/www.gallehr.de\/wordpress\/wp-content\/uploads\/2022\/11\/COP27-E5-StandII.jpg\" alt=\"\" width=\"720\" height=\"793\" srcset=\"https:\/\/www.gallehr.de\/wordpress\/wp-content\/uploads\/2022\/11\/COP27-E5-StandII.jpg 720w, https:\/\/www.gallehr.de\/wordpress\/wp-content\/uploads\/2022\/11\/COP27-E5-StandII-272x300.jpg 272w, https:\/\/www.gallehr.de\/wordpress\/wp-content\/uploads\/2022\/11\/COP27-E5-StandII-350x385.jpg 350w\" sizes=\"(max-width: 720px) 100vw, 720px\" \/><figcaption id=\"caption-attachment-85796\" class=\"wp-caption-text\">European Business Council for Sustainable Energy e.V. &#8211; e5<\/figcaption><\/figure>\n<h4><\/h4>\n<h4><strong>GALLEHR+PARTNER<sup>\u00ae<\/sup> hat sich mit dem Anspruch Lotse f\u00fcr die Industrie in eine wettbewerbsf\u00e4hige und klimafreundliche Zukunft zu sein, als ein f\u00fchrender Anbieter von <a href=\"https:\/\/www.gallehr.de\/leistungen\/\">Klimaschutz-, Energieeffizienz- und nachhaltigen Energiebeschaffungs-Dienstleistungen<\/a> etablieren k\u00f6nnen. <\/strong><\/h4>\n<h3><strong>Folgende weitere T\u00e4tigkeiten f\u00fchren wir in diesem Umfeld gerne f\u00fcr Sie durch:<\/strong><\/h3>\n<ul>\n<li><a href=\"https:\/\/www.gallehr.de\/leistungen\/\" target=\"_blank\" rel=\"noopener\">Beantragung und Verwaltung von F\u00f6rdermitteln<\/a><\/li>\n<li><a href=\"https:\/\/www.gallehr.de\/leistungen\/klima-und-csr-strategie\/\" target=\"_blank\" rel=\"noopener\">Erstellung von f\u00f6rderf\u00e4higen Transformationskonzepten inkl. Zielentwicklung, Strategieentwicklung und Managementberatung zur wirksamen Zielerreichung<\/a><\/li>\n<li><a href=\"https:\/\/www.gallehr.de\/leistungen\/managementsysteme\/\" target=\"_blank\" rel=\"noopener\">Entwicklung, Einf\u00fchrung und Betrieb von Energie-, Umwelt- und Klimamanagementsystemen<\/a><\/li>\n<li><a href=\"https:\/\/www.gallehr.de\/leistungen\/carbon-footprint\/\" target=\"_blank\" rel=\"noopener\">Erstellung von Carbon Footprints<\/a><\/li>\n<\/ul>\n","protected":false},"excerpt":{"rendered":"<p>27. Klimakonferenz der Vereinten Nationen in Scharm El-Scheich, \u00c4gypten COP27 &#8211; Themenschwerpunkte Die vom 06.11. &#8211; 18.11.2022 andauernde 27. Klimakonferenz [&hellip;]<\/p>\n","protected":false},"author":17,"featured_media":0,"comment_status":"closed","ping_status":"closed","sticky":false,"template":"","format":"standard","meta":{"footnotes":""},"categories":[180],"tags":[706,707,708,709,710,711],"class_list":["post-85781","post","type-post","status-publish","format-standard","hentry","category-news","tag-cop27","tag-european-business-council-for-sustainable-energy-e-v","tag-aegypten","tag-schutzschirm-gegen-klimarisiken","tag-27-klimakonferenz","tag-cdrterra"],"_links":{"self":[{"href":"https:\/\/www.gallehr.de\/de\/wp-json\/wp\/v2\/posts\/85781","targetHints":{"allow":["GET"]}}],"collection":[{"href":"https:\/\/www.gallehr.de\/de\/wp-json\/wp\/v2\/posts"}],"about":[{"href":"https:\/\/www.gallehr.de\/de\/wp-json\/wp\/v2\/types\/post"}],"author":[{"embeddable":true,"href":"https:\/\/www.gallehr.de\/de\/wp-json\/wp\/v2\/users\/17"}],"replies":[{"embeddable":true,"href":"https:\/\/www.gallehr.de\/de\/wp-json\/wp\/v2\/comments?post=85781"}],"version-history":[{"count":0,"href":"https:\/\/www.gallehr.de\/de\/wp-json\/wp\/v2\/posts\/85781\/revisions"}],"wp:attachment":[{"href":"https:\/\/www.gallehr.de\/de\/wp-json\/wp\/v2\/media?parent=85781"}],"wp:term":[{"taxonomy":"category","embeddable":true,"href":"https:\/\/www.gallehr.de\/de\/wp-json\/wp\/v2\/categories?post=85781"},{"taxonomy":"post_tag","embeddable":true,"href":"https:\/\/www.gallehr.de\/de\/wp-json\/wp\/v2\/tags?post=85781"}],"curies":[{"name":"wp","href":"https:\/\/api.w.org\/{rel}","templated":true}]}}