{"id":85774,"date":"2022-11-10T14:20:38","date_gmt":"2022-11-10T13:20:38","guid":{"rendered":"https:\/\/hostsharing.gallehr.de\/?p=85774"},"modified":"2023-04-21T12:56:26","modified_gmt":"2023-04-21T10:56:26","slug":"wirtschaftlichkeitsbewertung-von-energieeffizienzmassnahmen-nach-din-en-17463","status":"publish","type":"post","link":"https:\/\/www.gallehr.de\/de\/wirtschaftlichkeitsbewertung-von-energieeffizienzmassnahmen-nach-din-en-17463\/","title":{"rendered":"Update 11.04.2023: Wirtschaftlichkeit von Energieeffizienzma\u00dfnahmen nach DIN EN 17463"},"content":{"rendered":"<p><img decoding=\"async\" class=\"alignnone wp-image-85232 size-full\" src=\"https:\/\/www.gallehr.de\/wordpress\/wp-content\/uploads\/2021\/07\/Energiemanagement-1100x460-1.jpg\" alt=\"DIN EN 17463, Energieeffizienzma\u00dfnahmen, Investitionen, Amortisationszeit, \u00f6kologische Gegenleistungen\" width=\"1100\" height=\"460\" srcset=\"https:\/\/www.gallehr.de\/wordpress\/wp-content\/uploads\/2021\/07\/Energiemanagement-1100x460-1.jpg 1100w, https:\/\/www.gallehr.de\/wordpress\/wp-content\/uploads\/2021\/07\/Energiemanagement-1100x460-1-300x125.jpg 300w, https:\/\/www.gallehr.de\/wordpress\/wp-content\/uploads\/2021\/07\/Energiemanagement-1100x460-1-1024x428.jpg 1024w, https:\/\/www.gallehr.de\/wordpress\/wp-content\/uploads\/2021\/07\/Energiemanagement-1100x460-1-768x321.jpg 768w\" sizes=\"(max-width: 1100px) 100vw, 1100px\" \/><\/p>\n<div class=\"\" data-block=\"true\" data-editor=\"n9vf\" data-offset-key=\"c15l1-0-0\">\n<h1 data-offset-key=\"c15l1-0-0\">Anforderungen an die Bewertung von Energieeffizienzma\u00dfnahmen im Jahr 2023<\/h1>\n<p><span style=\"font-size: 12pt;\">Die Umsetzung von Energieeffizienzma\u00dfnahmen gewinnt derzeit vermehrt an Bedeutung. Unternehmen m\u00fcssen diese einerseits in Form von sog. <a href=\"https:\/\/www.gallehr.de\/de\/uebersichtsmatrix-oekologische-gegenleistungen-und-verpflichtungen\/\" target=\"_blank\" rel=\"noopener\">\u201e\u00d6kologischen Gegenleistungen\u201c<\/a> bei der Antragstellung nachweisen, sofern sie Vorteile in Anspruch nehmen wollen. <\/span><span style=\"font-size: 12pt;\">Ma\u00dfgeblich f\u00fcr das Kriterium der Wirtschaftlichkeit von Energieeffizienzma\u00dfnahmen sind grunds\u00e4tzlich die Vorgaben der <a href=\"https:\/\/www.beuth.de\/de\/norm\/din-en-17463\/338018270\" target=\"_blank\" rel=\"noopener\">DIN EN 17463 (VALERI)<\/a>, welche zur Berechnung der Wirtschaftlichkeit von Energieeffizienzma\u00dfnahmen auf die Kapitalwertmethode zur\u00fcckgreift.<br \/>\n<\/span><\/p>\n<p><span style=\"font-size: 12pt;\">Dies gilt f\u00fcr die Beihilfe nach <a href=\"https:\/\/www.dehst.de\/SharedDocs\/news\/DE\/BECV.html\" target=\"_blank\" rel=\"noopener\">BECV<\/a>, die <a href=\"https:\/\/www.dehst.de\/DE\/Strompreiskompensation\/strompreiskompensation_node.html\" target=\"_blank\" rel=\"noopener\">Strompreiskompensation<\/a> im Rahmen des EUETS sowie bei der <a href=\"https:\/\/www.bafa.de\/DE\/Energie\/Besondere_Ausgleichsregelung\/Ueberblick\/ueberblick_node.html\" target=\"_blank\" rel=\"noopener\">Besonderen Ausgleichsregelung nach dem Energiefinanzierungsgesetz<\/a>. Die Durchf\u00fchrung von Energieeffizienzma\u00dfnahmen m\u00fcssen aber auch nachgewiesen werden beim <a href=\"https:\/\/www.bundestag.de\/dokumente\/textarchiv\/2022\/kw41-de-spitzenausgleich-913002\" target=\"_blank\" rel=\"noopener\">Spitzenausgleich<\/a> nach Energiesteuer und Stromsteuergesetz sowie zuk\u00fcnftig bei der Antragstellung auf <a href=\"https:\/\/climate.ec.europa.eu\/eu-action\/eu-emissions-trading-system-eu-ets_de\" target=\"_blank\" rel=\"noopener\">kostenlosen Zuteilung<\/a> von Emissionsberechtigungen im EUETS.<\/span><\/p>\n<p><span style=\"font-size: 12pt;\">Andererseits besteht auch eine ordnungsrechtliche Verpflichtung zur Umsetzung von Energieeffizienzma\u00dfnahmen nach der Mittelfristenergieversorgungssicherungsma\u00dfnahmenverordnung (<a href=\"https:\/\/www.gesetze-im-internet.de\/ensimimav\/BJNR153000022.html\" target=\"_blank\" rel=\"noopener\">EnSimiMaV<\/a>). W\u00e4hrend diese nur einen begrenzten Geltungszeitraum bis 30.September 2024 hat, ist im Referentenentwurf des <a href=\"https:\/\/www.ihk.de\/hagen\/innovation\/energie\/aktuelles\/energieeffizienzgesetz-2023-5683686\" target=\"_blank\" rel=\"noopener\">Energieeffizienzgesetzes<\/a> (Stand: 3. April 2023) die Verpflichtung zur Erstellung und Ver\u00f6ffentlichung von konkreten, durchf\u00fchrbaren Pl\u00e4nen f\u00fcr Endenergieeinsparma\u00dfnahmen dauerhaft vorgesehen.<\/span><\/p>\n<p><span style=\"font-size: 12pt;\">Die Voraussetzungen f\u00fcr die Energieeffizienzma\u00dfnahmen \u00e4hneln sich in allen eben aufgez\u00e4hlten Rechtsgebieten, unterscheiden sich aber doch im Einzelnen. Stets sind indes nur \u201ewirtschaftliche\u201c Ma\u00dfnahmen umzusetzen.\u00a0<\/span><\/p>\n<p><span style=\"font-size: 12pt;\">Ebenfalls sind ab dem Jahr 2023 Unternehmen dazu verpflichtet, Nachweise \u00fcber die Umsetzung von Energieeffizienzma\u00dfnahmen sowie gleicherma\u00dfen \u00fcber die zertifizierte Anwendung der <a href=\"https:\/\/www.beuth.de\/de\/norm\/din-en-17463\/338018270\">DIN EN 17463<\/a> zu f\u00fchren. Aber vor welchem Hintergrund ist diese Norm entstanden?<\/span><\/p>\n<hr \/>\n<p><span style=\"font-size: 12pt; color: #b01419;\"><strong>Hinweis:<\/strong><\/span><\/p>\n<p><span style=\"font-size: 12pt;\">F\u00fcr einen \u00dcberblick zu den wirtschaftlichen und rechtlichen Rahmenbedingungen der &#8222;<a href=\"https:\/\/www.gallehr.de\/de\/uebersichtsmatrix-oekologische-gegenleistungen-und-verpflichtungen\/\" target=\"_blank\" rel=\"noopener\">\u00d6kologischen Gegenleistungen und Verpflichtunge<\/a>n&#8220; finden Sie beigef\u00fcgt unsere <a href=\"https:\/\/www.gallehr.de\/wordpress\/wp-content\/uploads\/2023\/04\/GALLEHRPARTNER%C2%AE-Fachinformation.pdf\" target=\"_blank\" rel=\"noopener\">GALLEHR+PARTNER\u00ae \u2013 Fachinformation<\/a> (Stand: 4. April 2023) Zur Diskussion des aktuellsten Standes stehen wir Ihnen selbstverst\u00e4ndlich zur Verf\u00fcgung.<\/span><\/p>\n<hr \/>\n<h2><strong>Die Entstehung der Norm<\/strong><\/h2>\n<p><span style=\"font-size: 12pt;\">Nicht nur die derzeitige Energiekrise, auch der <a href=\"https:\/\/www.bundesregierung.de\/breg-de\/themen\/klimaschutz\/weniger-co2-emissionen-1790134\" target=\"_blank\" rel=\"noopener\">CO\u2082-Preis<\/a> f\u00fcr Brennstoffe nach dem <a href=\"https:\/\/www.gesetze-im-internet.de\/behg\/BJNR272800019.html\" target=\"_blank\" rel=\"noopener\">Brennstoffemissionshandelsgesetz (BEHG)<\/a> l\u00e4sst fossile Energietr\u00e4ger f\u00fcr Unternehmen teurer werden. Um Investitionen in Energieeffizienzma\u00dfnahmen zur Kostensenkung zu t\u00e4tigen, wurden diese bisher anhand ihrer Amortisationszeit bewertet. <\/span><span style=\"font-size: 12pt;\">Die Anwendung der Amortisationszeitberechnung dient jedoch lediglich zur Feststellung, wie schnell die R\u00fcckgewinnung der Investitionskosten m\u00f6glich ist. Dabei wird neben dem Zeitwert der erzeugten Cashflows einer Ma\u00dfnahme, der finanzielle Erfolg der identifizierten Ma\u00dfnahmen nach Ihrer <a href=\"https:\/\/de.wikipedia.org\/wiki\/Amortisation\" target=\"_blank\" rel=\"noopener\">Amortisation<\/a> nicht ber\u00fccksichtigt. <\/span><span style=\"font-size: 12pt;\">Dadurch werden Energieeffizienzma\u00dfnahmen, welche eine h\u00f6here totale Rentabilit\u00e4t haben, von der M\u00f6glichkeit der Umsetzung ausgeschlossen.<br \/>\n<\/span><\/p>\n<h2><strong>Die L\u00f6sung des Problems<br \/>\n<\/strong><\/h2>\n<p><span style=\"font-size: 12pt;\"><a href=\"https:\/\/www.din.de\/de\">Das Deutsche<\/a><a href=\"https:\/\/www.din.de\/de\" target=\"_blank\" rel=\"noopener\"> Institut f\u00fcr Normung (DIN)<\/a> hat im Dezember 2021 die Norm EN 17463 (<a href=\"https:\/\/www.din.de\/de\/mitwirken\/normenausschuesse\/nagus\/veroeffentlichungen\/wdc-beuth:din21:338018270\">DIN<\/a><a href=\"https:\/\/www.din.de\/de\/mitwirken\/normenausschuesse\/nagus\/veroeffentlichungen\/wdc-beuth:din21:338018270\" target=\"_blank\" rel=\"noopener\"> EN 17463:2021-12<\/a>) ver\u00f6ffentlicht. Diese bietet die L\u00f6sung f\u00fcr das vorangegangene erl\u00e4uterte Problem durch die Bereitstellung einer Anleitung zur Berechnung, Bewertung und Interpretation einer Investition im Energiebereich. <\/span><span style=\"font-size: 12pt;\">Die DIN EN 17463 bildet dabei den Leitfaden, anhand dessen die quantifizierten Gr\u00f6\u00dfen einer Ma\u00dfnahme \u00fcber die gesamte Projektlaufzeit dargestellt werden k\u00f6nnen. Dabei bezieht sich die DIN EN 17463 auf die Kapitalwertmethode, welche der dynamischen Investitionsrechnung zuzuordnen ist.<\/span><\/p>\n<p><span style=\"font-size: 12pt;\">Zur Ermittlung des Mehrwerts einer Energiesparma\u00dfnahme sind daher die einzelnen Netto-Kapitalwerte (Netto-Barwerte) in der Periode einer Energieeffizienzma\u00dfnahme zu bewerten. Alle zahlungswirksamen Einzahlungen und Auszahlungen (<a href=\"https:\/\/de.wikipedia.org\/wiki\/Cashflow\" target=\"_blank\" rel=\"noopener\">Cashflows<\/a>) sollten f\u00fcr die relevanten Perioden abgezinst auf ihren gegenwartsbezogenen Wert in ein praxisnahes Modell eingetragen werden, wobei Preisschwankungsraten zu ber\u00fccksichtigen sind. <\/span><span style=\"font-size: 12pt;\">Neben der Ber\u00fccksichtigung der zeitlichen Perioden birgt die Anwendung der Kapitalwertmethode ebenfalls durch die daraus folgende Vergleichbarkeit von verschiedenen Ma\u00dfnahmen, weitere Vorteile.<br \/>\n<\/span><\/p>\n<h2><strong>Wie wird eine Investitionsanalyse anhand der Norm durchgef\u00fchrt?<\/strong><\/h2>\n<ol>\n<li><span style=\"font-size: 12pt;\">Bestimmung aller energierelevanten sowie finanzielle Effekte einer Investition <\/span><span style=\"font-size: 12pt;\">-&gt; Nutzen und Lasten (Einzahlungen und Auszahlungen)<br \/>\n<\/span><\/li>\n<\/ol>\n<ol start=\"2\">\n<li><span style=\"font-size: 12pt;\">Monetarisierung der Effekte der Investition <\/span><span style=\"font-size: 12pt;\">-&gt; Verrechnung der Nutzen und Lasten mit anzusetzenden Energiepreisen<br \/>\n<\/span><\/li>\n<\/ol>\n<ol start=\"3\">\n<li><span style=\"font-size: 12pt;\">Feststellung der Einstellparameter nach dem <a href=\"http:\/\/www.wirtschaftslexikon24.com\/e\/most-likely-scenario\/most-likely-scenario.htm\" target=\"_blank\" rel=\"noopener\">most likely case<\/a><\/span><span style=\"font-size: 12pt;\">-&gt; Kalkulationszinssatz, Preissteigerungen, Energiepreis, Planungsperioden<\/span><\/li>\n<\/ol>\n<ol start=\"4\">\n<li><span style=\"font-size: 12pt;\">Kapitalwert berechnen <\/span><span style=\"font-size: 12pt;\">-&gt; Barwerte werden \u00fcber die Nutzungszeit abgezinst mit der Anfangauszahlung verrechnet<br \/>\n<\/span><\/li>\n<\/ol>\n<ol start=\"5\">\n<li><span style=\"font-size: 12pt;\">Pflichtteil: Szenarioanalyse der Investition <\/span><span style=\"font-size: 12pt;\">-&gt; Berechnung des Kapitalwerts nach best- \/ worst- &amp; most likely case<\/span><\/li>\n<\/ol>\n<ol start=\"6\">\n<li><span style=\"font-size: 12pt;\">Freiwillige Sensitivit\u00e4tsanalyse <\/span><span style=\"font-size: 12pt;\">-&gt; Ver\u00e4nderung der Einstellparameter zur Elastizit\u00e4tsberechnung (Kapitalwertentwicklung pro prozentualer Ver\u00e4nderung der Einstellparameter)<br \/>\n<\/span><\/li>\n<\/ol>\n<ol start=\"7\">\n<li><span style=\"font-size: 12pt;\">Erstellung des Berichts<\/span><\/li>\n<\/ol>\n<h2><strong>Was bedeutet dies f\u00fcr die F\u00f6rderungsm\u00f6glichkeiten von Investitionen?<\/strong><\/h2>\n<p><span style=\"font-size: 12pt;\">F\u00f6rdermittel Dritter d\u00fcrfen bei der Berechnung der Wirtschaftlichkeit nach DIN EN 17463 selbstverst\u00e4ndlich mitber\u00fccksichtigt werden. Jedoch sind sie w\u00e4hrend der Nachweisf\u00fchrung bei der Beantragung einer der oben genannten Beihilfen von der Beihilfesumme abzuziehen.<br \/>\nGerade das F\u00f6rderprogramm der BAFA &#8211; F\u00f6rderung f\u00fcr Energie- und Ressourceneffizienz in der Wirtschaft nach Modul 1-5 birgt die M\u00f6glichkeit zur Erzeugung einer &#8222;wirtschaftlichen&#8220; Energieeffizienzma\u00dfnahme.<br \/>\n<\/span><\/p>\n<\/div>\n<div class=\"\" data-block=\"true\" data-editor=\"n9vf\" data-offset-key=\"c15l1-0-0\">\n<figure id=\"attachment_86180\" aria-describedby=\"caption-attachment-86180\" style=\"width: 840px\" class=\"wp-caption aligncenter\"><img decoding=\"async\" class=\"wp-image-86180 size-large\" src=\"https:\/\/www.gallehr.de\/wordpress\/wp-content\/uploads\/2023\/04\/Tabelle-Foerdermodule-Kurzbeschreibung-1024x676.jpg\" alt=\"F\u00f6rderf\u00e4hige Energieeffizienzma\u00dfnahmen, Vorzeitiger Ma\u00dfnahmenbeginn, BAFA, Modul 1 \u2013 5 EEW, Bundesf\u00f6rderung, Transformationskonzept, Modul 1, Modul 2, Modul 3, Modul4, Modul 5, Modul 6\" width=\"840\" height=\"555\" srcset=\"https:\/\/www.gallehr.de\/wordpress\/wp-content\/uploads\/2023\/04\/Tabelle-Foerdermodule-Kurzbeschreibung-1024x676.jpg 1024w, https:\/\/www.gallehr.de\/wordpress\/wp-content\/uploads\/2023\/04\/Tabelle-Foerdermodule-Kurzbeschreibung-300x198.jpg 300w, https:\/\/www.gallehr.de\/wordpress\/wp-content\/uploads\/2023\/04\/Tabelle-Foerdermodule-Kurzbeschreibung-768x507.jpg 768w, https:\/\/www.gallehr.de\/wordpress\/wp-content\/uploads\/2023\/04\/Tabelle-Foerdermodule-Kurzbeschreibung-350x231.jpg 350w, https:\/\/www.gallehr.de\/wordpress\/wp-content\/uploads\/2023\/04\/Tabelle-Foerdermodule-Kurzbeschreibung.jpg 1352w\" sizes=\"(max-width: 840px) 100vw, 840px\" \/><figcaption id=\"caption-attachment-86180\" class=\"wp-caption-text\">Bundesf\u00f6rderung \u2013 Modul 1 &#8211; 6<\/figcaption><\/figure>\n<h2><strong>So kann Sie <\/strong><a href=\"https:\/\/www.gallehr.de\/\" target=\"_blank\" rel=\"noopener\"><strong>GALLEHR+PARTNER<sup>\u00ae<\/sup><\/strong><\/a><strong> bei der Umsetzung von Energiesparma\u00dfnahmen anhand der Norm unterst\u00fctzen<\/strong><\/h2>\n<p><span style=\"font-size: 12pt;\">Wir bieten Ihnen und Ihrem Unternehmen eine professionelle Feststellung Ihrer Datengrundlage und bisherigen Investitionsstrategien an. Zusammen mit Ihnen ert\u00fcchtigen wir Ihre zugrundeliegenden Managementprozesse zur Wirtschaftlichkeit-Bewertung von Energieffizienzma\u00dfnahmen, welche im Zusammenhang der DIN EN 17463 stehen. I<\/span><span style=\"font-size: 12pt;\">m Umfeld der &#8222;\u00d6kologischen Gegenleistungen und Verpflichtungen&#8220; erhalten Sie somit eine zertifizierbare und rechtssichere Basis, um den zuk\u00fcnftigen Anforderungen der Beihilfegew\u00e4hrung, der rechtlichen Verpflichtungen sowie der DIN EN 17463 zu enstprechen. \u00a0 <\/span><\/p>\n<p><span style=\"font-size: 12pt;\">Gerne begleiten wir Sie in allen relevanten Prozessen zum Thema Energiesparma\u00dfnahmen bis hin zur Beantragung von F\u00f6rdermitteln.<\/span><\/p>\n<h4><span style=\"font-size: 12pt;\"><a href=\"https:\/\/www.gallehr.de\/\" target=\"_blank\" rel=\"noopener\"><strong>GALLEHR+PARTNER<sup>\u00ae<\/sup><\/strong><\/a><strong> ist seit 2007 der <\/strong><a href=\"https:\/\/www.gallehr.de\/leistungen\/\" target=\"_blank\" rel=\"noopener\"><strong>erfahrene Lotse<\/strong><\/a><strong> f\u00fcr die Wirtschaft auf dem Weg zur CO\u2082-Neutralit\u00e4t. Zu den Kunden von GALLEHR+PARTNER<sup>\u00ae<\/sup> geh\u00f6rt eine Vielzahl national und international renommierter Unternehmen. Diese ber\u00e4t und unterst\u00fctzt GALLEHR+PARTNER<sup>\u00ae<\/sup> teilweise bis zur vollst\u00e4ndigen eigenverantwortlichen \u00dcbernahme relevanter Prozesse.<\/strong><\/span><\/h4>\n<h3><strong>Folgende weitere T\u00e4tigkeiten f\u00fchren wir in diesem Umfeld gerne f\u00fcr Sie durch:<\/strong><\/h3>\n<ul>\n<li><span style=\"font-size: 12pt;\"><a href=\"https:\/\/www.gallehr.de\/leistungen\/\" target=\"_blank\" rel=\"noopener\">Beantragung und Verwaltung von F\u00f6rdermitteln<\/a><\/span><\/li>\n<li><span style=\"font-size: 12pt;\"><a href=\"https:\/\/www.gallehr.de\/leistungen\/klima-und-csr-strategie\/\" target=\"_blank\" rel=\"noopener\">Erstellung von f\u00f6rderf\u00e4higen Transformationskonzepten inkl. Zielentwicklung, Strategieentwicklung und Managementberatung zur wirksamen Zielerreichung<\/a><\/span><\/li>\n<li><span style=\"font-size: 12pt;\"><a href=\"https:\/\/www.gallehr.de\/leistungen\/managementsysteme\/\" target=\"_blank\" rel=\"noopener\">Entwicklung, Einf\u00fchrung und Betrieb von Energie-, Umwelt- und Klimamanagementsystemen<\/a><\/span><\/li>\n<li><a href=\"https:\/\/www.gallehr.de\/leistungen\/carbon-footprint\/\" target=\"_blank\" rel=\"noopener\"><span style=\"font-size: 12pt;\">Erstellung von Carbon Footprints<\/span><\/a><\/li>\n<\/ul>\n<p>&nbsp;<\/p>\n<\/div>\n","protected":false},"excerpt":{"rendered":"<p>Anforderungen an die Bewertung von Energieeffizienzma\u00dfnahmen im Jahr 2023 Die Umsetzung von Energieeffizienzma\u00dfnahmen gewinnt derzeit vermehrt an Bedeutung. Unternehmen m\u00fcssen [&hellip;]<\/p>\n","protected":false},"author":2,"featured_media":0,"comment_status":"closed","ping_status":"closed","sticky":false,"template":"","format":"standard","meta":{"footnotes":""},"categories":[180,178],"tags":[701,702,703,704,705,757,301,696,700],"class_list":["post-85774","post","type-post","status-publish","format-standard","hentry","category-news","category-archiv","tag-wirtschaftlichkeit-von-energieeffiziensmassnahmen","tag-energieeffiziensmassnahmen","tag-amortisationszeitberechnung","tag-behg-carbon-leakage-verordnung-becv","tag-kapitalwert","tag-oekologischegegenleistungen","tag-behg","tag-din-en-17463","tag-din-en-174632021-12"],"_links":{"self":[{"href":"https:\/\/www.gallehr.de\/de\/wp-json\/wp\/v2\/posts\/85774","targetHints":{"allow":["GET"]}}],"collection":[{"href":"https:\/\/www.gallehr.de\/de\/wp-json\/wp\/v2\/posts"}],"about":[{"href":"https:\/\/www.gallehr.de\/de\/wp-json\/wp\/v2\/types\/post"}],"author":[{"embeddable":true,"href":"https:\/\/www.gallehr.de\/de\/wp-json\/wp\/v2\/users\/2"}],"replies":[{"embeddable":true,"href":"https:\/\/www.gallehr.de\/de\/wp-json\/wp\/v2\/comments?post=85774"}],"version-history":[{"count":0,"href":"https:\/\/www.gallehr.de\/de\/wp-json\/wp\/v2\/posts\/85774\/revisions"}],"wp:attachment":[{"href":"https:\/\/www.gallehr.de\/de\/wp-json\/wp\/v2\/media?parent=85774"}],"wp:term":[{"taxonomy":"category","embeddable":true,"href":"https:\/\/www.gallehr.de\/de\/wp-json\/wp\/v2\/categories?post=85774"},{"taxonomy":"post_tag","embeddable":true,"href":"https:\/\/www.gallehr.de\/de\/wp-json\/wp\/v2\/tags?post=85774"}],"curies":[{"name":"wp","href":"https:\/\/api.w.org\/{rel}","templated":true}]}}