{"id":85747,"date":"2022-11-04T16:49:09","date_gmt":"2022-11-04T15:49:09","guid":{"rendered":"https:\/\/hostsharing.gallehr.de\/?p=85747"},"modified":"2026-01-27T18:27:43","modified_gmt":"2026-01-27T17:27:43","slug":"strompreiskompensation-deutsche-emissionshandesstelle-beginnt-mit-dem-versenden-der-beihilfebescheide","status":"publish","type":"post","link":"https:\/\/www.gallehr.de\/de\/strompreiskompensation-deutsche-emissionshandesstelle-beginnt-mit-dem-versenden-der-beihilfebescheide\/","title":{"rendered":"Strompreiskompensation: Deutsche Emissionshandesstelle beginnt mit dem Versenden der Beihilfebescheide"},"content":{"rendered":"<p><img decoding=\"async\" class=\"alignnone wp-image-85748\" src=\"https:\/\/www.gallehr.de\/wordpress\/wp-content\/uploads\/2022\/11\/matthew-henry-yETqkLnhsUI-unsplash-scaled.jpg\" alt=\"Photo by &lt;a href=&quot;https:\/\/unsplash.com\/@matthewhenry?utm_source=unsplash&amp;utm_medium=referral&amp;utm_content=creditCopyText&quot;&gt;Matthew Henry&lt;\/a&gt; on &lt;a href=&quot;https:\/\/unsplash.com\/s\/photos\/energy?utm_source=unsplash&amp;utm_medium=referral&amp;utm_content=creditCopyText&quot;&gt;Unsplash&lt;\/a&gt; \" width=\"1077\" height=\"285\" srcset=\"https:\/\/www.gallehr.de\/wordpress\/wp-content\/uploads\/2022\/11\/matthew-henry-yETqkLnhsUI-unsplash-scaled.jpg 5120w, https:\/\/www.gallehr.de\/wordpress\/wp-content\/uploads\/2022\/11\/matthew-henry-yETqkLnhsUI-unsplash-300x79.jpg 300w, https:\/\/www.gallehr.de\/wordpress\/wp-content\/uploads\/2022\/11\/matthew-henry-yETqkLnhsUI-unsplash-1024x271.jpg 1024w, https:\/\/www.gallehr.de\/wordpress\/wp-content\/uploads\/2022\/11\/matthew-henry-yETqkLnhsUI-unsplash-768x203.jpg 768w, https:\/\/www.gallehr.de\/wordpress\/wp-content\/uploads\/2022\/11\/matthew-henry-yETqkLnhsUI-unsplash-1536x407.jpg 1536w, https:\/\/www.gallehr.de\/wordpress\/wp-content\/uploads\/2022\/11\/matthew-henry-yETqkLnhsUI-unsplash-2048x542.jpg 2048w, https:\/\/www.gallehr.de\/wordpress\/wp-content\/uploads\/2022\/11\/matthew-henry-yETqkLnhsUI-unsplash-350x93.jpg 350w\" sizes=\"(max-width: 1077px) 100vw, 1077px\" \/><\/p>\n<h2 class=\"post-title entry-title \">Die <a href=\"https:\/\/www.dehst.de\/DE\/startseite\/startseite-node.html\">Deutsche Emissionshandelsstelle (DEHSt)<\/a> hat mit dem Versenden der Beihilfebescheide f\u00fcr die <a href=\"https:\/\/www.dehst.de\/DE\/Strompreiskompensation\/strompreiskompensation_node.html\">Strompreiskompensation<\/a> 2021 begonnen.<\/h2>\n<p>Die deutsche Emissionshandelsstelle (DEHSt) schreibt in ihrem neusten Newsletter, versendet am 02. November 2022, dass sie mit dem Versenden der Beihilfebescheide f\u00fcr die Strompreiskompensation f\u00fcr das Abrechnungsjahr 2021 beginnen.<\/p>\n<p>Diese werden, ebenso wie eventuelle Nachforderungen zur Anpassung des Antrags, \u00fcber die virtuelle Poststelle (<a href=\"https:\/\/www.dehst.de\/DE\/service\/elektronische-kommunikation\/Virtuelle_Poststelle\/virtuelle-poststelle_node.html\">VPS<\/a>) der DEHSt versendet.<\/p>\n<h3>Daher \u00fcberpr\u00fcfen Sie unbedingt Ihre VPS regelm\u00e4\u00dfig auf Eing\u00e4nge!<\/h3>\n<p>Bis Ende des Jahres werden laut DEHSt alle Antr\u00e4ge auf Beihilfebescheide gepr\u00fcft und Nachfragen bez\u00fcglich Sachverhaltsaufkl\u00e4rungen m\u00f6glich.<\/p>\n<p>Derzeit sind noch nicht alle Antr\u00e4ge abschlie\u00dfend gepr\u00fcft weswegen sich die DEHST offen h\u00e4lt, etwaige Nachforderungen zur weiteren Aufkl\u00e4rung an die Antragsteller zu versenden.<\/p>\n<p>Die DEHSt weist noch mal ausdr\u00fccklich auf den Ausschluss von Beihilfe f\u00fcr Unternehmen, in &#8222;Schwierigkeiten&#8220; oder Insolvenzverfahren.<\/p>\n<p>Dies muss der DEHSt, wenn der Fall nach Abgabe des Antrags zur Beihilfe eingetreten ist, unverz\u00fcglich mitgeteilt werden.<\/p>\n<p>Sobald Sie Ihren Beihilfebescheid zugestellt bekommen haben, erfolgt die Auszahlung automatisch auf die von Ihnen angegebenen Daten innerhalb weniger Wochen.<\/p>\n<p>Falls sie sich bez\u00fcglich Ihrer angegebenen Daten unsicher sind oder sich diese ge\u00e4ndert haben, \u00fcberpr\u00fcfen Sie Ihre angegebenen Kontaktdaten schnellstm\u00f6glich.<\/p>\n<table style=\"height: 40px; width: 100%; border-collapse: collapse; border-style: solid; border-color: #d60b0b;\">\n<tbody>\n<tr style=\"height: 42px;\">\n<td style=\"width: 100%; border-color: #e00000; height: 42px;\">\n<h3>Hinweis:<\/h3>\n<h3>Gerne steht\u00a0 <strong><a href=\"https:\/\/www.gallehr.de\/\" target=\"_blank\" rel=\"noopener\">GALLEHR+PARTNER<sup>\u00ae\u00a0 <\/sup><\/a><\/strong> f\u00fcr Fragen rund um die Antragstellung der Strompreiskompensation und der Pr\u00fcfung der Beihilfebescheide zur Verf\u00fcgung.<\/h3>\n<\/td>\n<\/tr>\n<\/tbody>\n<\/table>\n<p>&nbsp;<\/p>\n<h3><strong><a href=\"https:\/\/www.gallehr.de\/\" target=\"_blank\" rel=\"noopener\">GALLEHR+PARTNER<sup>\u00ae<\/sup><\/a> ist seit 2007 der <a href=\"https:\/\/www.gallehr.de\/leistungen\/\" target=\"_blank\" rel=\"noopener\">erfahrene Lotse<\/a> f\u00fcr die Wirtschaft auf dem Weg zur CO<sub>2<\/sub>-Neutralit\u00e4t. Zu den Kunden von GALLEHR+PARTNER<sup>\u00ae<\/sup> geh\u00f6rt eine Vielzahl national und international renommierter Unternehmen. <\/strong><strong>Diese ber\u00e4t und unterst\u00fctzt GALLEHR+PARTNER<sup>\u00ae<\/sup> teilweise bis zur vollst\u00e4ndigen eigenverantwortlichen \u00dcbernahme relevanter Prozesse.<\/strong><\/h3>\n<h3><strong>Folgende weitere T\u00e4tigkeiten f\u00fchren wir in diesem Umfeld gerne f\u00fcr Sie durch:<\/strong><\/h3>\n<ul>\n<li><a href=\"https:\/\/www.gallehr.de\/leistungen\/\">Beantragung und Verwaltung von F\u00f6rdermitteln<\/a><\/li>\n<li><a href=\"https:\/\/www.gallehr.de\/leistungen\/klima-und-csr-strategie\/\">Erstellung von f\u00f6rderf\u00e4higen Transformationskonzepten inkl. Zielentwicklung, Strategieentwicklung und Managementberatung zur wirksamen Zielerreichung<\/a><\/li>\n<li><a href=\"https:\/\/www.gallehr.de\/leistungen\/managementsysteme\/\">Entwicklung, Einf\u00fchrung und Betrieb von Energie-, Umwelt- und Klimamanagementsystemen<\/a><\/li>\n<li><a href=\"https:\/\/www.gallehr.de\/leistungen\/carbon-footprint\/\" target=\"_blank\" rel=\"noopener\">Erstellung von Carbon Footprints<\/a><\/li>\n<\/ul>\n","protected":false},"excerpt":{"rendered":"<p>Die Deutsche Emissionshandelsstelle (DEHSt) hat mit dem Versenden der Beihilfebescheide f\u00fcr die Strompreiskompensation 2021 begonnen. Die deutsche Emissionshandelsstelle (DEHSt) schreibt [&hellip;]<\/p>\n","protected":false},"author":2,"featured_media":0,"comment_status":"closed","ping_status":"closed","sticky":false,"template":"","format":"standard","meta":{"footnotes":""},"categories":[848,180,178],"tags":[204,207,697,698,699],"class_list":["post-85747","post","type-post","status-publish","format-standard","hentry","category-strompreiskompensation","category-news","category-archiv","tag-dehst","tag-strompreiskompensation","tag-deutsche-emissionshandelsstelle","tag-beihilfebescheide","tag-strompreiskompensation-2021"],"_links":{"self":[{"href":"https:\/\/www.gallehr.de\/de\/wp-json\/wp\/v2\/posts\/85747","targetHints":{"allow":["GET"]}}],"collection":[{"href":"https:\/\/www.gallehr.de\/de\/wp-json\/wp\/v2\/posts"}],"about":[{"href":"https:\/\/www.gallehr.de\/de\/wp-json\/wp\/v2\/types\/post"}],"author":[{"embeddable":true,"href":"https:\/\/www.gallehr.de\/de\/wp-json\/wp\/v2\/users\/2"}],"replies":[{"embeddable":true,"href":"https:\/\/www.gallehr.de\/de\/wp-json\/wp\/v2\/comments?post=85747"}],"version-history":[{"count":0,"href":"https:\/\/www.gallehr.de\/de\/wp-json\/wp\/v2\/posts\/85747\/revisions"}],"wp:attachment":[{"href":"https:\/\/www.gallehr.de\/de\/wp-json\/wp\/v2\/media?parent=85747"}],"wp:term":[{"taxonomy":"category","embeddable":true,"href":"https:\/\/www.gallehr.de\/de\/wp-json\/wp\/v2\/categories?post=85747"},{"taxonomy":"post_tag","embeddable":true,"href":"https:\/\/www.gallehr.de\/de\/wp-json\/wp\/v2\/tags?post=85747"}],"curies":[{"name":"wp","href":"https:\/\/api.w.org\/{rel}","templated":true}]}}