{"id":85334,"date":"2022-01-21T14:53:14","date_gmt":"2022-01-21T13:53:14","guid":{"rendered":"https:\/\/hostsharing.gallehr.de\/?p=85334"},"modified":"2026-01-27T18:58:26","modified_gmt":"2026-01-27T17:58:26","slug":"mitarbeitersuche-consultant-energie-und-co2-management-w-m-d","status":"publish","type":"post","link":"https:\/\/www.gallehr.de\/de\/mitarbeitersuche-consultant-energie-und-co2-management-w-m-d\/","title":{"rendered":"Mitarbeitersuche: Consultant Energie- und CO2-Management (w\/m\/d)"},"content":{"rendered":"<h2>Willkommen bei GALLEHR+PARTNER<sup>\u00ae<\/sup><\/h2>\n<p>M\u00f6chten Sie Ihre Ideen in zukunftsf\u00e4hige L\u00f6sungen f\u00fcr Unternehmen verwandeln? M\u00f6chten Sie <a href=\"https:\/\/www.gallehr.de\/\" target=\"_blank\" rel=\"noopener\">uns<\/a> dabei unterst\u00fctzen, Industrieunternehmen zu helfen, ihren Weg\u00a0 in eine klimaneutrale, kreislaufwirtschaftliche, erneuerbare Zukunft zu meistern? Ob im Bereich <a href=\"https:\/\/www.gallehr.de\/leistungen\/\" target=\"_blank\" rel=\"noopener\">Emissionshandel, Energieeffizienz, Energie- und Klimamanagement, Green Finance<\/a> oder \u2013 vielleicht noch interessanter f\u00fcr Sie \u2013 in einer Kombination der genannten Themen? Mit uns helfen Sie, dass international agierende Industrieunternehmen eine der wichtigsten Herausforderungen unserer Zeit meistern k\u00f6nnen: Fit werden f\u00fcr eine klimaneutrale, ressourceneffiziente Zukunft.<\/p>\n<p><img decoding=\"async\" class=\"aligncenter wp-image-85035 size-medium\" src=\"https:\/\/www.gallehr.de\/wordpress\/wp-content\/uploads\/2021\/02\/Zusammen-300x225.png\" alt=\"Mitarbeitersuche Jobangebot Consultant Energie- und CO2-Management (w\/m\/d)\" width=\"300\" height=\"225\" srcset=\"https:\/\/www.gallehr.de\/wordpress\/wp-content\/uploads\/2021\/02\/Zusammen-300x225.png 300w, https:\/\/www.gallehr.de\/wordpress\/wp-content\/uploads\/2021\/02\/Zusammen.png 640w\" sizes=\"(max-width: 300px) 100vw, 300px\" \/><\/p>\n<p>Die <em>Gallehr Sustainable Risk Management GmbH<\/em> freut sich auf Ihre <strong><a href=\"mailto:bewerbung@gallehr.de\">Bewerbung<\/a><\/strong> (w\/m\/d)!<\/p>\n<p>Zur Wahrung der Chancengleichheit zwischen Frauen und M\u00e4nnern sind Bewerbungen von Frauen ausdr\u00fccklich erw\u00fcnscht!<\/p>\n<p><strong>Anstellungsart:<\/strong> Unbefristet mit 6 Monaten Probezeit<br \/>\n<strong>Arbeitszeit:<\/strong> Arbeitszeiten k\u00f6nnen bei Bedarf flexibel vereinbart werden<br \/>\n<strong>Arbeitsort:<\/strong> <a href=\"https:\/\/maps.metager.de\/map\/Hauptstrasse%2043%20Karben\/8.757142660857426,50.25011690000002,18\" target=\"_blank\" rel=\"noopener noreferrer\">Karben bei Frankfurt am Main<\/a><\/p>\n<h2>Ihre Aufgaben<\/h2>\n<ul>\n<li><strong>Innovativ und um die Ecke denken:<\/strong> Sie sind von Anfang an dabei, gemeinsam mit uns Strategien und L\u00f6sungswege zu entwickeln um unsere Kunden auf dem Weg in die Klimaneutralit\u00e4t zu begleiten<\/li>\n<li><strong>In die Praxis eintauchen: <\/strong>Sie unterst\u00fctzen <a href=\"https:\/\/www.gallehr.de\/referenzen\/\">unsere Kunden<\/a> in verschiedenen Themen. In erster Linie sehr konkret bei den Anforderungen zur Erf\u00fcllung der Pflichten im <a href=\"https:\/\/www.dehst.de\/DE\/Nationaler-Emissionshandel\/nationaler-emissionshandel_node.html\" target=\"_blank\" rel=\"noopener\">Nationalen-<\/a> und\u00a0 <a href=\"https:\/\/ec.europa.eu\/clima\/policies\/ets_de\" target=\"_blank\" rel=\"noopener noreferrer\">Europ\u00e4ischen CO<sub>2<\/sub> Emissionshandel<\/a>. Sie werden unseren Kunden helfen, ihre konkreten Treibhausgasemissionen zu ermitteln (<a href=\"https:\/\/www.dehst.de\/DE\/Nationaler-Emissionshandel\/Ueberwachungsplan-Emissionsbericht-Abgabe\/ueberwachungsplan-emissionsbericht-abgabe_node.html\" target=\"_blank\" rel=\"noopener noreferrer\">\u00dcberwachungspl\u00e4ne und Emissionsberichte<\/a>), den Kunden die Abstimmung mit den regulatorischen und zivilgesellschaftlichen Stellen zu meistern (bspw. \u00fcber die digitalen Beh\u00f6rdenschnittstellen zur <a href=\"https:\/\/www.dehst.de\/\" target=\"_blank\" rel=\"noopener noreferrer\">DEHSt<\/a>) und sie werden das digitale\u00a0 <a href=\"https:\/\/unionregistry.ec.europa.eu\/euregistry\/DE\/index.xhtml\" target=\"_blank\" rel=\"noopener noreferrer\">Treibhausgasregister der EU Kommission<\/a> kennen lernen.<\/li>\n<li><strong>Genauigkeit und Eigenverantwortlichkeit: <\/strong>Bei der hier angebotenen T\u00e4tigkeit kommt es auf Genauigkeit und Richtigkeit an. Jedes Ihrer Ergebnisse wird am Ende von unabh\u00e4ngigen Gutachtern und \u00f6ffentlichen Stellen \u00fcberpr\u00fcft und best\u00e4tigt. Deshalb ist eine strukturierte und eigenverantwortliche T\u00e4tigkeit erforderlich.<\/li>\n<li><strong>Souver\u00e4n abwickeln: <\/strong>Sie werden direkten Kundenkontakt haben und gemeinsam mit unserem Team rechtzeitig den gegebenen Terminen alle Aufgaben f\u00fcr unsere Kunden erledigt haben.<\/li>\n<\/ul>\n<h2>Ihr Profil<\/h2>\n<ul>\n<li><strong>Ausbildung:<\/strong> Sie haben einen Abschluss (Bachelor oder Master)\u00a0 im Bereich Umweltwissenschaften, Energiemanagement, Ingenieurwesen, Wirtschaftswissenschaften oder vergleichbar.<\/li>\n<li><strong>Pers\u00f6nlichkeit:<\/strong> Sie sind teamf\u00e4hig, engagiert und ambitioniert ohne Angst, Fragen zu stellen und haben Spass am Umgang mit Kunden.<\/li>\n<li><strong>Arbeitsweise:<\/strong> Sie arbeiten strukturiert, genau, agil und zielstrebig mit Exzellenzanspruch an Ihre Arbeit.<\/li>\n<li><strong>Erfahrungen: <\/strong>Sie haben einen Bachelor oder Master mit Arbeitsbeginn in der Tasche.<strong><br \/>\n<\/strong><\/li>\n<li><strong>Know-How:<\/strong> Sie kennen die grunds\u00e4tzlichen Zusammenh\u00e4nge des Energiekomplexes. Insbesondere ist Ihnen der Unterschied zwischen Leistung und Arbeit gel\u00e4ufig ;-). Erwartet werden dar\u00fcber hinaus\u00a0 Microsoft Excel Kenntnisse und ein erfahrener Umgang mit digitalen Zug\u00e4ngen.<\/li>\n<li><strong>Motivation: <\/strong>Sie haben Freude an den Herausforderungen, vor denen die Industrie durch Energiewende und Klimaschutz stehen und an der L\u00f6sung der daraus resultierenden komplexen Anforderungen. Sie sind interessiert an der Kombination von technischen, kaufm\u00e4nnischen und nachhaltigen Optimierungsm\u00f6glichkeiten Richtung Klimaneutralit\u00e4t und Energiewende.<\/li>\n<li><strong>Sprachen:<\/strong> Sehr gutes, solides Deutsch in Wort und Schrift sowie Englisch (konversationssicher)<\/li>\n<li><strong>Reisebereitschaft: <\/strong>Wir bedienen Kunden in ganz Deutschland, teilweise auch im Ausland. Sie haben entsprechend Spass an Gesch\u00e4ftsreisen.<\/li>\n<\/ul>\n<h2>Unsere Vorteile f\u00fcr Sie<\/h2>\n<ul>\n<li>Motiviertes, kompetentes, zugewandtes und <strong>hellwaches Team<\/strong><\/li>\n<li><strong>Breites und sehr offenes Netzwerk<\/strong> in den internationalen Klimaschutz, in Verb\u00e4nde, zu Experten und in die Politik<\/li>\n<li>Interessante und abwechslungsreiche <strong>T\u00e4tigkeit f\u00fcr viele international t\u00e4tige Unternehmen<\/strong><\/li>\n<li>Mitarbeit an <strong><b>vielseitigen Aufgaben <\/b><\/strong><\/li>\n<li><strong><b>Flache Hierarchien <\/b><\/strong>und kurze Entscheidungswege<\/li>\n<li>Vertrauensvolles Betriebsklima, <strong><b>fairer und offener Umgang<\/b><\/strong><\/li>\n<li><b>Flexibles und mobiles Arbeiten<\/b>: Wir bieten Dir flexible Arbeits(zeit)modelle.<\/li>\n<li><b>Angebunden an die ganze Welt und trotzdem im Gr\u00fcnen<\/b>: Unser Hauptsitz liegt mit der S Bahn 30 min vom Zentrum Frankfurt am Main entfernt. Gleichzeitig l\u00e4dt die unmittelbare Umgebung direkt zu ausgiebigen sportlichen- und freizeitlichen Aktivit\u00e4ten im Gr\u00fcnen ein.<\/li>\n<li>Freiraum f\u00fcr <b>Kreativit\u00e4t <\/b>und berufliche <b>Weiterentwicklung<\/b><\/li>\n<li>Und Sie k\u00f6nnen bei uns bei Bedarf Ihr <strong>Elektroauto\/eBike laden<\/strong> \ud83d\ude42<\/li>\n<\/ul>\n<h2>Kontakt und Wissenswertes<\/h2>\n<p><strong>Beginn:<\/strong> Ab sofort<br \/>\n<strong>Dauer:<\/strong> Unbefristet<\/p>\n<p><strong>Haben Sie noch Fragen zum Job oder zu unserem Unternehmen?<\/strong><\/p>\n<p>Wir stehen gerne jederzeit zur Verf\u00fcgung. Sie k\u00f6nnen uns entweder telefonisch unter +49 6039 9263686 oder \u00fcber unser <a href=\"https:\/\/www.gallehr.de\/kontakt\/\">Kontaktformular<\/a> erreichen.<\/p>\n<h2><strong><a href=\"mailto:bewerbung@gallehr.de\"><span style=\"text-decoration: underline;\"><span style=\"color: #0000ff; text-decoration: underline;\">Oder bewerben Sie sich gleich jetzt!<\/span><\/span><\/a><\/strong><\/h2>\n<p>&nbsp;<\/p>\n","protected":false},"excerpt":{"rendered":"<p>Willkommen bei GALLEHR+PARTNER\u00ae M\u00f6chten Sie Ihre Ideen in zukunftsf\u00e4hige L\u00f6sungen f\u00fcr Unternehmen verwandeln? M\u00f6chten Sie uns dabei unterst\u00fctzen, Industrieunternehmen zu [&hellip;]<\/p>\n","protected":false},"author":2,"featured_media":0,"comment_status":"closed","ping_status":"closed","sticky":false,"template":"","format":"standard","meta":{"footnotes":""},"categories":[180,566],"tags":[189,661,662,663,664,665],"class_list":["post-85334","post","type-post","status-publish","format-standard","hentry","category-news","category-jobs","tag-emissionshandel","tag-jobs","tag-mitarbeitersuche","tag-klimaneutral","tag-indistrie","tag-transformation"],"_links":{"self":[{"href":"https:\/\/www.gallehr.de\/de\/wp-json\/wp\/v2\/posts\/85334","targetHints":{"allow":["GET"]}}],"collection":[{"href":"https:\/\/www.gallehr.de\/de\/wp-json\/wp\/v2\/posts"}],"about":[{"href":"https:\/\/www.gallehr.de\/de\/wp-json\/wp\/v2\/types\/post"}],"author":[{"embeddable":true,"href":"https:\/\/www.gallehr.de\/de\/wp-json\/wp\/v2\/users\/2"}],"replies":[{"embeddable":true,"href":"https:\/\/www.gallehr.de\/de\/wp-json\/wp\/v2\/comments?post=85334"}],"version-history":[{"count":0,"href":"https:\/\/www.gallehr.de\/de\/wp-json\/wp\/v2\/posts\/85334\/revisions"}],"wp:attachment":[{"href":"https:\/\/www.gallehr.de\/de\/wp-json\/wp\/v2\/media?parent=85334"}],"wp:term":[{"taxonomy":"category","embeddable":true,"href":"https:\/\/www.gallehr.de\/de\/wp-json\/wp\/v2\/categories?post=85334"},{"taxonomy":"post_tag","embeddable":true,"href":"https:\/\/www.gallehr.de\/de\/wp-json\/wp\/v2\/tags?post=85334"}],"curies":[{"name":"wp","href":"https:\/\/api.w.org\/{rel}","templated":true}]}}