{"id":84795,"date":"2021-06-14T15:15:25","date_gmt":"2021-06-14T13:15:25","guid":{"rendered":"https:\/\/hostsharing.gallehr.de\/?p=84795"},"modified":"2026-01-27T18:29:54","modified_gmt":"2026-01-27T17:29:54","slug":"dehst-veroeffentlicht-vorlaeufige-zuteilungsmengen-fuer-den-europaeischen-emissionshandel-2021-bis-2025-nims","status":"publish","type":"post","link":"https:\/\/www.gallehr.de\/de\/dehst-veroeffentlicht-vorlaeufige-zuteilungsmengen-fuer-den-europaeischen-emissionshandel-2021-bis-2025-nims\/","title":{"rendered":"NIMS Liste: DEHSt ver\u00f6ffentlicht vorl\u00e4ufige Zuteilungsmengen f\u00fcr den europ\u00e4ischen Emissionshandel (2021 bis 2025)"},"content":{"rendered":"<h2>NIMS Liste Europ\u00e4ischer Emissionshandel (EU-ETS): Vorl\u00e4ufige Zuteilungsmengen f\u00fcr den ersten Zuteilungszeitraum (2021 bis 2025) ver\u00f6ffentlicht<\/h2>\n<p><a href=\"https:\/\/www.gallehr.de\/wordpress\/wp-content\/uploads\/2021\/06\/Emissionshandel.jpg\"><img decoding=\"async\" class=\"alignnone size-medium wp-image-84796\" src=\"https:\/\/www.gallehr.de\/wordpress\/wp-content\/uploads\/2021\/06\/Emissionshandel-300x55.jpg\" alt=\"EU-ETS Emissionshandel DEHSt NIMS freie Zuteilung\" width=\"300\" height=\"55\" srcset=\"https:\/\/www.gallehr.de\/wordpress\/wp-content\/uploads\/2021\/06\/Emissionshandel-300x55.jpg 300w, https:\/\/www.gallehr.de\/wordpress\/wp-content\/uploads\/2021\/06\/Emissionshandel-1024x186.jpg 1024w, https:\/\/www.gallehr.de\/wordpress\/wp-content\/uploads\/2021\/06\/Emissionshandel-768x140.jpg 768w, https:\/\/www.gallehr.de\/wordpress\/wp-content\/uploads\/2021\/06\/Emissionshandel.jpg 1100w\" sizes=\"(max-width: 300px) 100vw, 300px\" \/><\/a><\/p>\n<p>Am 14.06.2021 wurde die lang ersehnte NIMS Liste von der <a href=\"https:\/\/www.dehst.de\" target=\"_blank\" rel=\"noopener\">Deutschen Emissionshandelsstelle (DEHSt)<\/a> ver\u00f6ffentlicht und am 16.06.2021 gleich das erste mal korrigiert.<\/p>\n<p>In der so genannten <abbr class=\"has-tip tip-bottom\" title=\"Einzelstaatliche Umsetzungsma\u00dfnahmen (National Implementation Measures)\" data-tooltip=\"\" aria-haspopup=\"true\">NIMs<\/abbr>-Liste (<abbr class=\"has-tip tip-bottom\" title=\"Einzelstaatliche Umsetzungsma\u00dfnahmen (National Implementation Measures)\" data-tooltip=\"\" aria-haspopup=\"true\">NIMs<\/abbr> = <span lang=\"en-GB\" xml:lang=\"en-GB\">National Implementation Measures<\/span>) gem\u00e4\u00df Artikel 14 der Delegierten Verordnung (<abbr class=\"has-tip tip-bottom\" title=\"Europ\u00e4ische Union\" data-tooltip=\"\" aria-haspopup=\"true\">EU<\/abbr>) 2019\/331 (<abbr class=\"has-tip tip-bottom\" title=\"delegierte Verordnung zur Festlegung EU-weiter \u00dcbergangsvorschriften zur Harmonisierung der kostenlosen Zuteilung von Emissionszertifikaten\" data-tooltip=\"\" aria-haspopup=\"true\">EU-ZuVO<\/abbr>) sind die vorl\u00e4ufigen freien Zuteilungsmengenvon European Emissions Allowances (EUA) an die station\u00e4ren Bestandsanlagen in Deutschland f\u00fcr den Zuteilungszeitraum 2021 bis 2025 aufgelistet.<\/p>\n<p><a href=\"https:\/\/www.dehst.de\/SharedDocs\/downloads\/DE\/stationaere_anlagen\/2021-2030\/NIMs-Liste_2021.pdf\"><strong>Die NIMS Liste steht hier zum kostenlosen download bereit.<\/strong><\/a><\/p>\n<p>Der Carbon Leackage Faktor wurde hierbei schon ber\u00fccksichtigt, allerdings sind die genannten\u00a0 Zuteilungsmengen so zu verstehen, dass die Anlagenbetreiber diese in der Anzahl auf jeden Fall nicht auf ihr Konto \u00fcberwiesen bekommen. Die endg\u00fcltigen Zuteilungsmengen ber\u00fccksichtigen dann den linearen K\u00fcrzungsfaktor f\u00fcr Stromerzeuger sowie den sektor\u00fcbergreifenden Korrekturfaktor von 1 f\u00fcr alle anderen Anlagen. Die reale freie Zuteilung h\u00e4ngt jedoch noch von der realen Entwicklung der jeweiligen Aktivit\u00e4tsraten in den Zuteilungselementen ab, die in den j\u00e4hrlichen Zuteilungsdatenberichten an die DEHSt \u00fcbermittelt werden. Die reale Zuteilung f\u00fcr das Jahr 2021 h\u00e4ngt entsprechend neben der Informationen in der NIMS Liste auch von den Zuteilungsdatenberichten der Jahre 2019 und 2020 ab.<\/p>\n<p><a href=\"https:\/\/www.gallehr.de\/kontakt\/\">Sprechen Sie uns gerne zu allen Fragen rund um den Europ\u00e4ischen und nationalen Emissionshandel direkt an. Wir helfen Ihnen gerne.<\/a><\/p>\n<div class=\"vc_custom_heading_wrap \">\n<div class=\"heading-text el-text\">\n<h3 class=\"h3\">Unsere <a href=\"https:\/\/www.gallehr.de\/leistungen\/verpflichtender-emissionshandel-eu-und-de\/\">Emissionshandels-Dienstleistungen<\/a> umfassen hierbei -soweit uns aufgrund rechtlicher Bestimmungen gestattet- insbesondere:<\/h3>\n<\/div>\n<\/div>\n<div class=\"uncode_text_column\">\n<ul>\n<li>Strategische Beratung und Optimierung<\/li>\n<li>1\u00b0bis 360\u00b0Unterst\u00fctzung<\/li>\n<li>Erstellung von Zuteilungsantr\u00e4gen, \u00dcberwachungspl\u00e4nen, Zuteilungsdatenberichten, Emissionsberichten<\/li>\n<li>BEHG Betroffenheits-Checks, Management und Optimierung<\/li>\n<li>Vermeidung von Doppelbelastungen ETS\/BEHG<\/li>\n<li>Wechsel zwischen EU ETS und BEHG<\/li>\n<li>Weitere Dienst- und Hilfeleistungen (VPS Backup, Kontoer\u00f6ffnungs- und Kontof\u00fchrungssupport, Unterst\u00fctzung beim Handel etc.)<\/li>\n<\/ul>\n<\/div>\n","protected":false},"excerpt":{"rendered":"<p>NIMS Liste Europ\u00e4ischer Emissionshandel (EU-ETS): Vorl\u00e4ufige Zuteilungsmengen f\u00fcr den ersten Zuteilungszeitraum (2021 bis 2025) ver\u00f6ffentlicht Am 14.06.2021 wurde die lang [&hellip;]<\/p>\n","protected":false},"author":2,"featured_media":0,"comment_status":"closed","ping_status":"closed","sticky":false,"template":"","format":"standard","meta":{"footnotes":""},"categories":[837,180,178],"tags":[189,195,197,204,271,351],"class_list":["post-84795","post","type-post","status-publish","format-standard","hentry","category-emissionshandel","category-news","category-archiv","tag-emissionshandel","tag-kostenlose-zuteilung","tag-nims","tag-dehst","tag-eua","tag-zuteilungsdatenbericht"],"_links":{"self":[{"href":"https:\/\/www.gallehr.de\/de\/wp-json\/wp\/v2\/posts\/84795","targetHints":{"allow":["GET"]}}],"collection":[{"href":"https:\/\/www.gallehr.de\/de\/wp-json\/wp\/v2\/posts"}],"about":[{"href":"https:\/\/www.gallehr.de\/de\/wp-json\/wp\/v2\/types\/post"}],"author":[{"embeddable":true,"href":"https:\/\/www.gallehr.de\/de\/wp-json\/wp\/v2\/users\/2"}],"replies":[{"embeddable":true,"href":"https:\/\/www.gallehr.de\/de\/wp-json\/wp\/v2\/comments?post=84795"}],"version-history":[{"count":0,"href":"https:\/\/www.gallehr.de\/de\/wp-json\/wp\/v2\/posts\/84795\/revisions"}],"wp:attachment":[{"href":"https:\/\/www.gallehr.de\/de\/wp-json\/wp\/v2\/media?parent=84795"}],"wp:term":[{"taxonomy":"category","embeddable":true,"href":"https:\/\/www.gallehr.de\/de\/wp-json\/wp\/v2\/categories?post=84795"},{"taxonomy":"post_tag","embeddable":true,"href":"https:\/\/www.gallehr.de\/de\/wp-json\/wp\/v2\/tags?post=84795"}],"curies":[{"name":"wp","href":"https:\/\/api.w.org\/{rel}","templated":true}]}}