{"id":747,"date":"2009-02-26T10:56:23","date_gmt":"2009-02-26T10:56:23","guid":{"rendered":"https:\/\/hostsharing.gallehr.de\/WP\/?p=747"},"modified":"2026-02-03T17:40:01","modified_gmt":"2026-02-03T16:40:01","slug":"deutsch-klimaschutz-versus-wirtschaftskrise-auswirkungen-auf-die-dritte-emissionshandelsperiode-flugverkehr-ab-2012-auch-im-emissionshandel-lesen-sie-naheres-im-co2-infobrief-012009","status":"publish","type":"post","link":"https:\/\/www.gallehr.de\/de\/deutsch-klimaschutz-versus-wirtschaftskrise-auswirkungen-auf-die-dritte-emissionshandelsperiode-flugverkehr-ab-2012-auch-im-emissionshandel-lesen-sie-naheres-im-co2-infobrief-012009\/","title":{"rendered":"Klimaschutz versus Wirtschaftskrise? Auswirkungen auf die dritte Emissionshandelsperiode. Flugverkehr ab 2012 auch im Emissionshandel. Lesen Sie n\u00e4heres im CO2 Infobrief 01\/2009"},"content":{"rendered":"<p>Klimaschutz versus Wirtschaftskrise ist die vermeintliche Kontroverse, die derzeit \u00fcberall diskutiert wird. Nicht zu Letzt weil diese Themen allerorten gegeneinander ausgespielt werden, sind die Klimaverhandlungen in Posen letztes Jahr weitgehend ergebnislos verlaufen.<\/p>\n<p>Dennoch k\u00f6nnen wir jetzt schon einigerma\u00dfen verl\u00e4ssliche Aussagen zu den derzeit wichtigsten Zusammenh\u00e4ngen treffen und geben Ihnen mit diesem kostenlosen <a title=\"Mehr erfahren zu diesem Thema\" href=\"https:\/\/www.gallehr.de\/?wpfb_dl=81\" target=\"_blank\" rel=\"noopener noreferrer\">GALLEHR+PARTNER CO<sub>2<\/sub> Infobrief 01\/2009<\/a> einen \u00dcberblick \u00fcber die derzeitigen Entwicklungen in der Klimadiskussion.<\/p>\n<p>Gerade zur Einbeziehung des Flugverkehrs ab 2012 sind jetzt erste konkrete Informationen verf\u00fcgbar.<\/p>\n","protected":false},"excerpt":{"rendered":"<p>Klimaschutz versus Wirtschaftskrise ist die vermeintliche Kontroverse, die derzeit \u00fcberall diskutiert wird. Nicht zu Letzt weil diese Themen allerorten gegeneinander [&hellip;]<\/p>\n","protected":false},"author":2,"featured_media":0,"comment_status":"closed","ping_status":"closed","sticky":false,"template":"","format":"standard","meta":{"footnotes":""},"categories":[837,180,178],"tags":[933],"class_list":["post-747","post","type-post","status-publish","format-standard","hentry","category-emissionshandel","category-news","category-archiv","tag-flugverkehr"],"_links":{"self":[{"href":"https:\/\/www.gallehr.de\/de\/wp-json\/wp\/v2\/posts\/747","targetHints":{"allow":["GET"]}}],"collection":[{"href":"https:\/\/www.gallehr.de\/de\/wp-json\/wp\/v2\/posts"}],"about":[{"href":"https:\/\/www.gallehr.de\/de\/wp-json\/wp\/v2\/types\/post"}],"author":[{"embeddable":true,"href":"https:\/\/www.gallehr.de\/de\/wp-json\/wp\/v2\/users\/2"}],"replies":[{"embeddable":true,"href":"https:\/\/www.gallehr.de\/de\/wp-json\/wp\/v2\/comments?post=747"}],"version-history":[{"count":0,"href":"https:\/\/www.gallehr.de\/de\/wp-json\/wp\/v2\/posts\/747\/revisions"}],"wp:attachment":[{"href":"https:\/\/www.gallehr.de\/de\/wp-json\/wp\/v2\/media?parent=747"}],"wp:term":[{"taxonomy":"category","embeddable":true,"href":"https:\/\/www.gallehr.de\/de\/wp-json\/wp\/v2\/categories?post=747"},{"taxonomy":"post_tag","embeddable":true,"href":"https:\/\/www.gallehr.de\/de\/wp-json\/wp\/v2\/tags?post=747"}],"curies":[{"name":"wp","href":"https:\/\/api.w.org\/{rel}","templated":true}]}}