{"id":3920,"date":"2021-02-10T15:52:03","date_gmt":"2021-02-10T14:52:03","guid":{"rendered":"https:\/\/hostsharing.gallehr.de\/?p=3920"},"modified":"2025-11-17T17:27:57","modified_gmt":"2025-11-17T16:27:57","slug":"dehst-veroeffentlicht-fristenkalenderdaten","status":"publish","type":"post","link":"https:\/\/www.gallehr.de\/de\/dehst-veroeffentlicht-fristenkalenderdaten\/","title":{"rendered":"DEHSt ver\u00f6ffentlicht Fristenkalenderdaten"},"content":{"rendered":"<p><a href=\"https:\/\/www.gallehr.de\/wordpress\/wp-content\/uploads\/2021\/06\/Emissionshandel.jpg\"><img decoding=\"async\" class=\"alignnone size-medium wp-image-84796\" src=\"https:\/\/www.gallehr.de\/wordpress\/wp-content\/uploads\/2021\/06\/Emissionshandel-300x55.jpg\" alt=\"EU-ETS Emissionshandel DEHSt NIMS freie Zuteilung\" width=\"300\" height=\"55\" srcset=\"https:\/\/www.gallehr.de\/wordpress\/wp-content\/uploads\/2021\/06\/Emissionshandel-300x55.jpg 300w, https:\/\/www.gallehr.de\/wordpress\/wp-content\/uploads\/2021\/06\/Emissionshandel-1024x186.jpg 1024w, https:\/\/www.gallehr.de\/wordpress\/wp-content\/uploads\/2021\/06\/Emissionshandel-768x140.jpg 768w, https:\/\/www.gallehr.de\/wordpress\/wp-content\/uploads\/2021\/06\/Emissionshandel.jpg 1100w\" sizes=\"(max-width: 300px) 100vw, 300px\" \/><\/a><br \/>\nZum Thema nationalen und europ\u00e4ischen Emissionshandel: Die deutsche Emissionshandelsstelle (<a href=\"https:\/\/www.dehst.de\/DE\/startseite\/startseite-node.html\" target=\"_blank\" rel=\"noopener noreferrer\">DEHSt<\/a>) hat die Fristen f\u00fcr das Jahr 2021 f\u00fcr den europ\u00e4ischen (<a href=\"https:\/\/www.dehst.de\/DE\/Europaeischer-Emissionshandel\/europaeischer-emissionshandel_node.html\" target=\"_blank\" rel=\"noopener noreferrer\">EU ETS<\/a>) als auch nationalen Emissionshandel (<a href=\"https:\/\/www.dehst.de\/DE\/Nationaler-Emissionshandel\/nationaler-emissionshandel_node.html\" target=\"_blank\" rel=\"noopener noreferrer\">nEHS<\/a>) ver\u00f6ffentlicht und als ICS Termin zum Download bereitgestellt.<\/p>\n<p>Die nachfolgenden Fristen k\u00f6nnen dementsprechend auf der DEHSt-Hompage eingesehen werden.<\/p>\n<p><strong>EU-Emissionshandel:<\/strong><\/p>\n<p>Folgende Fristen gelten f\u00fcr den europ\u00e4ischen Emissionshandel:<\/p>\n<p>bis zum <strong>31.03.<\/strong>:<\/p>\n<ul>\n<li><a href=\"https:\/\/www.dehst.de\/SharedDocs\/termine\/DE\/Fristen\/EU-ETS-Abgabe-Bericht-stationaer-31-03.html\" target=\"_blank\" rel=\"noopener noreferrer\">Einreichung des verifizierten Emissionsberichtes 2020 und Eintrag<\/a><\/li>\n<li><a href=\"https:\/\/www.dehst.de\/SharedDocs\/termine\/DE\/Fristen\/EU-ETS-VET-Eintrag-31-03.html\" target=\"_blank\" rel=\"noopener noreferrer\">Best\u00e4tigung der verifizierten Emissionen 2020 im Unionsregister (VET-Eintrag)<\/a><\/li>\n<\/ul>\n<p>Am <strong>01.04.<\/strong>: <a href=\"https:\/\/www.dehst.de\/SharedDocs\/termine\/DE\/Fristen\/EU-ETS-Sperrung-fehlender-VET-01-04.html\" target=\"_blank\" rel=\"noopener noreferrer\">Sperrung der Anlagen- und Luftfahrtzeugbetreiberkonten mit fehlendem Eintrag der gepr\u00fcften Emissionen<\/a><\/p>\n<p>Bis <strong>30.04.<\/strong>: <a href=\"https:\/\/www.dehst.de\/SharedDocs\/termine\/DE\/Fristen\/EU-ETS-Abgabe-30-04.html\" target=\"_blank\" rel=\"noopener noreferrer\">Abgabe der Berechtigungen entsprechend der tats\u00e4chlichen Emissionen im vorangegangenen Jahr<\/a><\/p>\n<p>Ab <strong>01.05.<\/strong>: <a href=\"https:\/\/www.dehst.de\/SharedDocs\/termine\/DE\/Fristen\/EU-ETS-Veroeffentlichung-VET-01-05.html\" target=\"_blank\" rel=\"noopener noreferrer\">Ver\u00f6ffentlichung der gepr\u00fcften Emissionen sowie der Anzahl der abgegebenen Berechtigungen f\u00fcr das vorangegangene Jahr f\u00fcr jeden Luftfahrzeugbetreiber und f\u00fcr jede Anlage<\/a><\/p>\n<p>Bis zum <strong>30.06.<\/strong>:<\/p>\n<ul>\n<li><a href=\"https:\/\/www.dehst.de\/SharedDocs\/termine\/DE\/Fristen\/EU-ETS-Zuteilungsdatenbericht-30-06.html\" target=\"_blank\" rel=\"noopener noreferrer\">Einreichung der Zuteilungsdatenberichte\u00a0 2019 und 2020 f\u00fcr die 4 Handelsperiode<\/a><\/li>\n<li><a href=\"https:\/\/www.dehst.de\/SharedDocs\/termine\/DE\/Fristen\/EU-ETS-Verbesserungsbericht-30-06.html\" target=\"_blank\" rel=\"noopener noreferrer\">Einreichung des Verbesserungsberichts gem\u00e4\u00df Artikel 69 MVO bei der DEHSt<\/a><\/li>\n<li><a href=\"https:\/\/www.dehst.de\/SharedDocs\/termine\/DE\/Fristen\/EU-ETS-Mitteilung-Aenderungen-Methodenplaene-30-06.html\" target=\"_blank\" rel=\"noopener noreferrer\">Mitteilung wesentlicher \u00c4nderungen in den Methodenpl\u00e4nen f\u00fcr das Jahr 2021<\/a><\/li>\n<\/ul>\n<p>Bis zum <strong>31.12.<\/strong>:<a href=\"https:\/\/www.dehst.de\/SharedDocs\/termine\/DE\/Fristen\/EU-ETS-Bestaetigung-Kontoangaben-Vorjahr-31-12.html\" target=\"_blank\" rel=\"noopener noreferrer\"> Best\u00e4tigung der Kontoangaben im Unionsregister<\/a><\/p>\n<p><strong>Nationaler Emissionshandel:<\/strong><\/p>\n<p>Folgende Fristen gelten f\u00fcr den nationalen Emissionshandel:<\/p>\n<p>Ab<strong> 01.04 bis 30.11.<\/strong>: <a href=\"https:\/\/www.dehst.de\/SharedDocs\/termine\/DE\/Fristen\/nEHS-Eroeffnung-Compliance-Konten-01-04-30-11.html\" target=\"_blank\" rel=\"noopener noreferrer\">Er\u00f6ffnung der Compliance-Konten im nEHS-Register<\/a> und<\/p>\n<p>bis zum <strong>31.12.<\/strong>:<\/p>\n<ul>\n<li><a href=\"https:\/\/www.dehst.de\/SharedDocs\/termine\/DE\/Fristen\/nEHS-Eroeffnung-Konto-Emissionszertifikate-31-12.html\" target=\"_blank\" rel=\"noopener noreferrer\">Er\u00f6ffnung eines Kontos bei der Verkaufsplattform zum Erwerb der Emissionszertifikate<\/a><\/li>\n<li><a href=\"https:\/\/www.dehst.de\/SharedDocs\/termine\/DE\/Fristen\/nEHS-Erwerb-Emissionszertifikate-31-12.html\" target=\"_blank\" rel=\"noopener noreferrer\">Erwerb der Emissionszertifikate und deren \u00dcbertragung auf das Compliance-Konto im nEHS-Register<\/a><\/li>\n<\/ul>\n<p>Karben, 10.02.2021 Autor: Sina Barragan<\/p>\n<h1><strong>Folgende T\u00e4tigkeiten f\u00fchren wir durch:<\/strong><\/h1>\n<ul>\n<li><strong>Beratung zu wirtschaftlichen und prozessualen Auswirkungen des Brennstoffemissionshandelsgesetzes (BEHG) auf Ihr Unternehmen<\/strong><\/li>\n<li><strong>Beratung f\u00fcr m\u00f6glichen Wechsel zu EU-ETS<\/strong><\/li>\n<li><strong><a href=\"http:\/\/www.gesetze-im-internet.de\/behg\/__6.html\">Erstellung und \u00dcbermittlung des \u00dcberwachungsplans nach \u00a76 BEHG und kontinuierliche Begleitung bis zur Genehmigung<\/a><\/strong><\/li>\n<li><strong><a href=\"http:\/\/www.gesetze-im-internet.de\/behg\/__7.html\">Verifizierungsf\u00e4hige Ermittlung der Brennstoffemissionen und Erstellung des Emissionsberichts nach \u00a7 7 Abs. 1, 2 BEHG<\/a><\/strong><\/li>\n<li><strong><a href=\"http:\/\/www.gesetze-im-internet.de\/behg\/__7.html\">Vorbereitung und Begleitung der Verifizierung des Emissionsberichts nach \u00a7 7 Abs. 3 BEHG<\/a><\/strong><\/li>\n<li><strong><a href=\"http:\/\/www.gesetze-im-internet.de\/behg\/__7.html\">\u00dcbermittlung des verifizierten Emissionsberichts an die zust\u00e4ndige Beh\u00f6rde (DEHSt) bis zum 31.07 des Folgejahres nach \u00a77 Abs. 1 BEHG<\/a><\/strong><\/li>\n<li><strong><a href=\"http:\/\/www.gesetze-im-internet.de\/behg\/__7.html\">Nachweisf\u00fchrung zur Vermeidung von Doppelbelastungen nach \u00a77 Abs. 5 BEHG<\/a><\/strong><\/li>\n<li><strong><a href=\"http:\/\/www.gesetze-im-internet.de\/behg\/__12.html\">Unterst\u00fctzung bei der Einrichtung von Konten und Kontobevollm\u00e4chtigten im nationalen Emissionshandelsregister nach \u00a7 12 Abs. 2<\/a> <a href=\"http:\/\/www.gesetze-im-internet.de\/behg\/__9.html\">BEHG zur Verwaltung von Emissionszertifikaten nach \u00a7 9 Abs. 1<\/a><\/strong><\/li>\n<li><strong><a href=\"http:\/\/www.gesetze-im-internet.de\/behg\/__12.html\">Unterst\u00fctzung bei der Verwaltung ihres Registerkontos bspw. als einer der Kontobevollm\u00e4chtigten<\/a><\/strong>\n<ul>\n<li><strong>Pr\u00fcfung der \u00dcberweisungen<\/strong><\/li>\n<li><strong><a href=\"http:\/\/www.gesetze-im-internet.de\/behg\/__8.html\">fristgem\u00e4\u00dfe R\u00fcck\u00fcbertragungen von Emissionszertifikaten bis zum 30.09 f\u00fcr das Vorjahr nach \u00a7 8 BEHG<\/a><\/strong><\/li>\n<li><strong>Datenaktualisierungen von Angaben im Register<\/strong><\/li>\n<li><strong>Darstellung von historischen Kontobewegungen und &#8211; st\u00e4nden anhand von Kontoausz\u00fcgen<\/strong><\/li>\n<\/ul>\n<\/li>\n<li><strong>Unterst\u00fctzung beim Kauf und Verkauf von Emissionszertifikaten<\/strong><\/li>\n<li><strong><a href=\"http:\/\/www.gesetze-im-internet.de\/behg\/__14.html\">Unterst\u00fctzung bei Auskunftsersuchen und Begleitung bei vor Ort Pr\u00fcfungen durch die zust\u00e4ndige Beh\u00f6rde nach \u00a7 14 BEHG<\/a><\/strong><\/li>\n<li><strong>Identifizierung der Preistreiber von Emissionszertifikaten und Marktbeobachtungen<\/strong><\/li>\n<li><strong>Adhoc \u2013 Mitteilungen zu relevanten Ereignissen, politische Entwicklungen und Gesetzes\u00e4nderungen<\/strong><\/li>\n<li><strong>Regelm\u00e4\u00dfige Status- und Strategietreffen zur St\u00e4rkung der Entscheidungsf\u00e4higkeit<\/strong><\/li>\n<\/ul>\n","protected":false},"excerpt":{"rendered":"<p>Zum Thema nationalen und europ\u00e4ischen Emissionshandel: Die deutsche Emissionshandelsstelle (DEHSt) hat die Fristen f\u00fcr das Jahr 2021 f\u00fcr den europ\u00e4ischen [&hellip;]<\/p>\n","protected":false},"author":2,"featured_media":0,"comment_status":"closed","ping_status":"closed","sticky":false,"template":"","format":"standard","meta":{"footnotes":""},"categories":[180,178],"tags":[189,204,265,301,304,312,349],"class_list":["post-3920","post","type-post","status-publish","format-standard","hentry","category-news","category-archiv","tag-emissionshandel","tag-dehst","tag-eu-ets","tag-behg","tag-brennstoffemissionshandelsgesetz","tag-nationaler-emissionshandel","tag-fristen"],"_links":{"self":[{"href":"https:\/\/www.gallehr.de\/de\/wp-json\/wp\/v2\/posts\/3920","targetHints":{"allow":["GET"]}}],"collection":[{"href":"https:\/\/www.gallehr.de\/de\/wp-json\/wp\/v2\/posts"}],"about":[{"href":"https:\/\/www.gallehr.de\/de\/wp-json\/wp\/v2\/types\/post"}],"author":[{"embeddable":true,"href":"https:\/\/www.gallehr.de\/de\/wp-json\/wp\/v2\/users\/2"}],"replies":[{"embeddable":true,"href":"https:\/\/www.gallehr.de\/de\/wp-json\/wp\/v2\/comments?post=3920"}],"version-history":[{"count":0,"href":"https:\/\/www.gallehr.de\/de\/wp-json\/wp\/v2\/posts\/3920\/revisions"}],"wp:attachment":[{"href":"https:\/\/www.gallehr.de\/de\/wp-json\/wp\/v2\/media?parent=3920"}],"wp:term":[{"taxonomy":"category","embeddable":true,"href":"https:\/\/www.gallehr.de\/de\/wp-json\/wp\/v2\/categories?post=3920"},{"taxonomy":"post_tag","embeddable":true,"href":"https:\/\/www.gallehr.de\/de\/wp-json\/wp\/v2\/tags?post=3920"}],"curies":[{"name":"wp","href":"https:\/\/api.w.org\/{rel}","templated":true}]}}