{"id":3902,"date":"2021-01-22T12:26:54","date_gmt":"2021-01-22T11:26:54","guid":{"rendered":"https:\/\/hostsharing.gallehr.de\/?p=3902"},"modified":"2021-07-02T12:13:46","modified_gmt":"2021-07-02T10:13:46","slug":"behg-statusupdate-dehst-veroeffentlicht-leitfaden-zum-nationalen-emissionshandel","status":"publish","type":"post","link":"https:\/\/www.gallehr.de\/de\/behg-statusupdate-dehst-veroeffentlicht-leitfaden-zum-nationalen-emissionshandel\/","title":{"rendered":"BEHG &#8211; Statusupdate: DEHSt ver\u00f6ffentlicht Leitfaden zum nationalen Emissionshandel"},"content":{"rendered":"<p><a href=\"https:\/\/www.gallehr.de\/wordpress\/wp-content\/uploads\/2021\/06\/Emissionshandel.jpg\"><img decoding=\"async\" class=\"alignnone size-medium wp-image-84796\" src=\"https:\/\/www.gallehr.de\/wordpress\/wp-content\/uploads\/2021\/06\/Emissionshandel-300x55.jpg\" alt=\"EU-ETS Emissionshandel DEHSt NIMS freie Zuteilung\" width=\"300\" height=\"55\" srcset=\"https:\/\/www.gallehr.de\/wordpress\/wp-content\/uploads\/2021\/06\/Emissionshandel-300x55.jpg 300w, https:\/\/www.gallehr.de\/wordpress\/wp-content\/uploads\/2021\/06\/Emissionshandel-1024x186.jpg 1024w, https:\/\/www.gallehr.de\/wordpress\/wp-content\/uploads\/2021\/06\/Emissionshandel-768x140.jpg 768w, https:\/\/www.gallehr.de\/wordpress\/wp-content\/uploads\/2021\/06\/Emissionshandel.jpg 1100w\" sizes=\"(max-width: 300px) 100vw, 300px\" \/><\/a><\/p>\n<h1><strong>Leitfaden zur Berichtserstattung und \u00dcberwachung von CO2-Emissionen f\u00fcr die Jahre 2021 und 2022 ver\u00f6ffentlicht<br \/>\n<\/strong><\/h1>\n<p>Bewegung beim Thema nationaler Emissionshandel: Am 18. Januar 2021 hat die\u00a0 Deutsche Emissionshandelsstelle (<a href=\"https:\/\/www.dehst.de\/\" target=\"_blank\" rel=\"noopener noreferrer\">DEHSt<\/a>) einen<a href=\"https:\/\/www.dehst.de\/SharedDocs\/downloads\/DE\/nehs\/nehs-leitfaden-monitoring.pdf?__blob=publicationFile&amp;v=3\" target=\"_blank\" rel=\"noopener noreferrer\"> Leitfaden<\/a> zur Berichtserstattung und \u00dcberwachung der CO2-Emissionen f\u00fcr die Jahre 2021 und 2022\u00a0 ver\u00f6ffentlicht. Inhalte des Leitfadens sind unter anderem der Anwendungsbereich des <a href=\"http:\/\/www.gesetze-im-internet.de\/behg\/\" target=\"_blank\" rel=\"noopener noreferrer\">BEHG<\/a> und die Berichtserstattung f\u00fcr die Jahre 2021 und 2022.<\/p>\n<p>Dar\u00fcber hinaus beinhaltet der Leitfaden auch eine Sektion zur\u00a0 &#8222;Vermeidung von Doppelbelastungen&#8220; von Anlagen, die bereits emissionshandelspflichtig im Rahmen des europ\u00e4ischen Emissionshandels (EU-ETS) sind. Hierbei hat der EU-ETS-Anlagenbetreiber gegen\u00fcber dem Inverkehrbringer eine Best\u00e4tigung auszustellen, welche u.a. die gelieferte und eingesetzte Stoffmenge enth\u00e4lt als auch eine Verwendungsabsichtserkl\u00e4rung beinhaltet. Detaillierte Informationen zu den Inhalten der auszustellenden Best\u00e4tigung sind im Leitfaden (ab S.37) zu finden.<\/p>\n<p>Autor: Sina Barragan, 22.01.2021<\/p>\n<h1><strong>Folgende T\u00e4tigkeiten f\u00fchren wir durch:<\/strong><\/h1>\n<ul>\n<li><strong>Beratung zu wirtschaftlichen und prozessualen Auswirkungen des Brennstoffemissionshandelsgesetzes (BEHG) auf Ihr Unternehmen<\/strong><\/li>\n<li><strong>Beratung f\u00fcr m\u00f6glichen Wechsel zu EU-ETS<\/strong><\/li>\n<li><strong><a href=\"http:\/\/www.gesetze-im-internet.de\/behg\/__6.html\">Erstellung und \u00dcbermittlung des \u00dcberwachungsplans nach \u00a76 BEHG und kontinuierliche Begleitung bis zur Genehmigung<\/a><\/strong><\/li>\n<li><strong><a href=\"http:\/\/www.gesetze-im-internet.de\/behg\/__7.html\">Verifizierungsf\u00e4hige Ermittlung der Brennstoffemissionen und Erstellung des Emissionsberichts nach \u00a7 7 Abs. 1, 2 BEHG<\/a><\/strong><\/li>\n<li><strong><a href=\"http:\/\/www.gesetze-im-internet.de\/behg\/__7.html\">Vorbereitung und Begleitung der Verifizierung des Emissionsberichts nach \u00a7 7 Abs. 3 BEHG<\/a><\/strong><\/li>\n<li><strong><a href=\"http:\/\/www.gesetze-im-internet.de\/behg\/__7.html\">\u00dcbermittlung des verifizierten Emissionsberichts an die zust\u00e4ndige Beh\u00f6rde (DEHSt) bis zum 31.07 des Folgejahres nach \u00a77 Abs. 1 BEHG<\/a><\/strong><\/li>\n<li><strong><a href=\"http:\/\/www.gesetze-im-internet.de\/behg\/__7.html\">Nachweisf\u00fchrung zur Vermeidung von Doppelbelastungen nach \u00a77 Abs. 5 BEHG<\/a><\/strong><\/li>\n<li><strong><a href=\"http:\/\/www.gesetze-im-internet.de\/behg\/__12.html\">Unterst\u00fctzung bei der Einrichtung von Konten und Kontobevollm\u00e4chtigten im nationalen Emissionshandelsregister nach \u00a7 12 Abs. 2<\/a> <a href=\"http:\/\/www.gesetze-im-internet.de\/behg\/__9.html\">BEHG zur Verwaltung von Emissionszertifikaten nach \u00a7 9 Abs. 1<\/a><\/strong><\/li>\n<li><strong><a href=\"http:\/\/www.gesetze-im-internet.de\/behg\/__12.html\">Unterst\u00fctzung bei der Verwaltung ihres Registerkontos bspw. als einer der Kontobevollm\u00e4chtigten<\/a><\/strong>\n<ul>\n<li><strong>Pr\u00fcfung der \u00dcberweisungen<\/strong><\/li>\n<li><strong><a href=\"http:\/\/www.gesetze-im-internet.de\/behg\/__8.html\">fristgem\u00e4\u00dfe R\u00fcck\u00fcbertragungen von Emissionszertifikaten bis zum 30.09 f\u00fcr das Vorjahr nach \u00a7 8 BEHG<\/a><\/strong><\/li>\n<li><strong>Datenaktualisierungen von Angaben im Register<\/strong><\/li>\n<li><strong>Darstellung von historischen Kontobewegungen und &#8211; st\u00e4nden anhand von Kontoausz\u00fcgen<\/strong><\/li>\n<\/ul>\n<\/li>\n<li><strong>Unterst\u00fctzung beim Kauf und Verkauf von Emissionszertifikaten<\/strong><\/li>\n<li><strong><a href=\"http:\/\/www.gesetze-im-internet.de\/behg\/__14.html\">Unterst\u00fctzung bei Auskunftsersuchen und Begleitung bei vor Ort Pr\u00fcfungen durch die zust\u00e4ndige Beh\u00f6rde nach \u00a7 14 BEHG<\/a><\/strong><\/li>\n<li><strong>Identifizierung der Preistreiber von Emissionszertifikaten und Marktbeobachtungen<\/strong><\/li>\n<li><strong>Adhoc \u2013 Mitteilungen zu relevanten Ereignissen, politische Entwicklungen und Gesetzes\u00e4nderungen<\/strong><\/li>\n<li><strong>Regelm\u00e4\u00dfige Status- und Strategietreffen zur St\u00e4rkung der Entscheidungsf\u00e4higkeit<\/strong><\/li>\n<\/ul>\n","protected":false},"excerpt":{"rendered":"<p>Leitfaden zur Berichtserstattung und \u00dcberwachung von CO2-Emissionen f\u00fcr die Jahre 2021 und 2022 ver\u00f6ffentlicht Bewegung beim Thema nationaler Emissionshandel: Am [&hellip;]<\/p>\n","protected":false},"author":2,"featured_media":0,"comment_status":"closed","ping_status":"closed","sticky":false,"template":"","format":"standard","meta":{"footnotes":""},"categories":[180,178],"tags":[204,265,266,301,304,312],"class_list":["post-3902","post","type-post","status-publish","format-standard","hentry","category-news","category-archiv","tag-dehst","tag-eu-ets","tag-leitfaden","tag-behg","tag-brennstoffemissionshandelsgesetz","tag-nationaler-emissionshandel"],"_links":{"self":[{"href":"https:\/\/www.gallehr.de\/de\/wp-json\/wp\/v2\/posts\/3902","targetHints":{"allow":["GET"]}}],"collection":[{"href":"https:\/\/www.gallehr.de\/de\/wp-json\/wp\/v2\/posts"}],"about":[{"href":"https:\/\/www.gallehr.de\/de\/wp-json\/wp\/v2\/types\/post"}],"author":[{"embeddable":true,"href":"https:\/\/www.gallehr.de\/de\/wp-json\/wp\/v2\/users\/2"}],"replies":[{"embeddable":true,"href":"https:\/\/www.gallehr.de\/de\/wp-json\/wp\/v2\/comments?post=3902"}],"version-history":[{"count":0,"href":"https:\/\/www.gallehr.de\/de\/wp-json\/wp\/v2\/posts\/3902\/revisions"}],"wp:attachment":[{"href":"https:\/\/www.gallehr.de\/de\/wp-json\/wp\/v2\/media?parent=3902"}],"wp:term":[{"taxonomy":"category","embeddable":true,"href":"https:\/\/www.gallehr.de\/de\/wp-json\/wp\/v2\/categories?post=3902"},{"taxonomy":"post_tag","embeddable":true,"href":"https:\/\/www.gallehr.de\/de\/wp-json\/wp\/v2\/tags?post=3902"}],"curies":[{"name":"wp","href":"https:\/\/api.w.org\/{rel}","templated":true}]}}