{"id":363,"date":"2009-08-29T15:38:25","date_gmt":"2009-08-29T15:38:25","guid":{"rendered":"https:\/\/hostsharing.gallehr.de\/WP\/?p=363"},"modified":"2026-02-03T17:38:33","modified_gmt":"2026-02-03T16:38:33","slug":"faz-milliardenkosten-fur-die-luftfahrtbranche","status":"publish","type":"post","link":"https:\/\/www.gallehr.de\/de\/faz-milliardenkosten-fur-die-luftfahrtbranche\/","title":{"rendered":"FAZ: Milliardenkosten f\u00fcr die Luftfahrtbranche"},"content":{"rendered":"<p>Nun ist es offiziell: 4000 Fluggesellschaften, Konzerne und Institutionen m\u00fcssen k\u00fcnftig Zertifikate f\u00fcr die Kohlendioxid-(CO<sub>2<\/sub>-)Emissionen ihrer Flugzeuge erwerben. Von der BASF \u00fcber die Flugschule Hamburg bis zur Bundespolizei und nat\u00fcrlich Lufthansa und Air Berlin reicht die Liste, die die EU-Kommission in Br\u00fcssel publiziert hat. Nur Staats- und Regierungschefs aus Nicht-EU-Staaten und das Milit\u00e4r m\u00fcssen weiterhin nicht f\u00fcr ihren Kohlendioxidaussto\u00df zahlen.<\/p>\n<p><a class=\"more\" href=\"http:\/\/www.faz.net\/s\/RubD16E1F55D21144C4AE3F9DDF52B6E1D9\/Doc~E737092EBF09E4B5890E543310CE668A5~ATpl~Ecommon~Scontent.html\">Weiterlesen \u00bb<\/a><\/p>\n","protected":false},"excerpt":{"rendered":"<p>Nun ist es offiziell: 4000 Fluggesellschaften, Konzerne und Institutionen m\u00fcssen k\u00fcnftig Zertifikate f\u00fcr die Kohlendioxid-(CO2-)Emissionen ihrer Flugzeuge erwerben. Von der [&hellip;]<\/p>\n","protected":false},"author":2,"featured_media":0,"comment_status":"closed","ping_status":"closed","sticky":false,"template":"","format":"standard","meta":{"footnotes":""},"categories":[837,180,177],"tags":[933],"class_list":["post-363","post","type-post","status-publish","format-standard","hentry","category-emissionshandel","category-news","category-in-den-medien","tag-flugverkehr"],"_links":{"self":[{"href":"https:\/\/www.gallehr.de\/de\/wp-json\/wp\/v2\/posts\/363","targetHints":{"allow":["GET"]}}],"collection":[{"href":"https:\/\/www.gallehr.de\/de\/wp-json\/wp\/v2\/posts"}],"about":[{"href":"https:\/\/www.gallehr.de\/de\/wp-json\/wp\/v2\/types\/post"}],"author":[{"embeddable":true,"href":"https:\/\/www.gallehr.de\/de\/wp-json\/wp\/v2\/users\/2"}],"replies":[{"embeddable":true,"href":"https:\/\/www.gallehr.de\/de\/wp-json\/wp\/v2\/comments?post=363"}],"version-history":[{"count":0,"href":"https:\/\/www.gallehr.de\/de\/wp-json\/wp\/v2\/posts\/363\/revisions"}],"wp:attachment":[{"href":"https:\/\/www.gallehr.de\/de\/wp-json\/wp\/v2\/media?parent=363"}],"wp:term":[{"taxonomy":"category","embeddable":true,"href":"https:\/\/www.gallehr.de\/de\/wp-json\/wp\/v2\/categories?post=363"},{"taxonomy":"post_tag","embeddable":true,"href":"https:\/\/www.gallehr.de\/de\/wp-json\/wp\/v2\/tags?post=363"}],"curies":[{"name":"wp","href":"https:\/\/api.w.org\/{rel}","templated":true}]}}