{"id":3607,"date":"2020-07-23T19:39:44","date_gmt":"2020-07-23T17:39:44","guid":{"rendered":"https:\/\/hostsharing.gallehr.de\/?p=3607"},"modified":"2021-07-02T15:57:14","modified_gmt":"2021-07-02T13:57:14","slug":"bmu-veroeffentlicht-zwei-verordnungsentwuerfe-zur-durchfuehrung-des-behg","status":"publish","type":"post","link":"https:\/\/www.gallehr.de\/de\/bmu-veroeffentlicht-zwei-verordnungsentwuerfe-zur-durchfuehrung-des-behg\/","title":{"rendered":"BMU ver\u00f6ffentlicht zwei Verordnungsentw\u00fcrfe zur Durchf\u00fchrung des BEHG"},"content":{"rendered":"<h2>Bewegung beim Thema nationaler Emissionshandel (BEHG)<\/h2>\n<p><a href=\"https:\/\/www.gallehr.de\/wordpress\/wp-content\/uploads\/2021\/06\/Emissionshandel.jpg\"><img decoding=\"async\" class=\"alignnone size-medium wp-image-84796\" src=\"https:\/\/www.gallehr.de\/wordpress\/wp-content\/uploads\/2021\/06\/Emissionshandel-300x55.jpg\" alt=\"EU-ETS Emissionshandel DEHSt NIMS freie Zuteilung\" width=\"300\" height=\"55\" srcset=\"https:\/\/www.gallehr.de\/wordpress\/wp-content\/uploads\/2021\/06\/Emissionshandel-300x55.jpg 300w, https:\/\/www.gallehr.de\/wordpress\/wp-content\/uploads\/2021\/06\/Emissionshandel-1024x186.jpg 1024w, https:\/\/www.gallehr.de\/wordpress\/wp-content\/uploads\/2021\/06\/Emissionshandel-768x140.jpg 768w, https:\/\/www.gallehr.de\/wordpress\/wp-content\/uploads\/2021\/06\/Emissionshandel.jpg 1100w\" sizes=\"(max-width: 300px) 100vw, 300px\" \/><\/a><\/p>\n<p>Es gibt Bewegung beim Thema nationaler Emissionshandel. Das Bundesministerium f\u00fcr Umwelt, Naturschutz und nukleare Sicherheit (BMU) hat zwei <a href=\"https:\/\/www.bmu.de\/gesetz\/durchfuehrungsverordnungen-zum-brennstoffemissionshandelsgesetz-behg\/\">Verordnungsentw\u00fcrfe<\/a> zur Durchf\u00fchrung des Brennstoffemissionshandelsgesetzes (BEHG) ver\u00f6ffentlicht. Es handelt sich um die Berichterstattungsverordnung 2022 (BeV 2022) und die Brennstoffemissionshandelsverordnung (BEHV).<\/p>\n<p>Die BeV 2022 regelt die Emissionsberichterstattung ausschlie\u00dflich f\u00fcr die Periode 2021 und 2022.<\/p>\n<p>Die BeV 2022 enth\u00e4lt diverse Konkretisierungen und Vereinfachungen. So wird z.B. f\u00fcr die Jahre 2021 und 2022 bestimmt, dass<\/p>\n<ul>\n<li>kein \u00dcberwachungsplan einzureichen ist,<\/li>\n<li>Emissionen ausschlie\u00dflich auf Basis von Standardemissionsfaktoren zu ermitteln sind und zur Mengenermittlung die Energiesteueranmeldung zugrunde gelegt wird<\/li>\n<\/ul>\n<p>und<\/p>\n<ul>\n<li>Emissionsberichte nicht von einem Auditor verifiziert werden m\u00fcssen.<\/li>\n<\/ul>\n<p>Es wird dar\u00fcber hinaus geregelt, dass der Emissionsfaktor Null bei Vorliegen bestimmter Nachweise beim Bioenergieanteil angesetzt werden kann und es gibt konkretisierende Bestimmungen zur Vermeidung von Doppelerfassungen und Doppelbelastungen.<\/p>\n<p>Die BEHV enth\u00e4lt aktuell Bestimmungen zum Verkauf der Emissionszertifikate und zum nationalen Emissionshandelsregister und ist -bis auf die Bestimmungen der BeV 2022- als einheitliche Durchf\u00fchrungsverordnung zur Umsetzung der Verordnungserm\u00e4chtigungen des BEHG gedacht. Die weiteren Verordnungserm\u00e4chtigungen werden dann schrittweise durch Erweiterungen der Durchf\u00fchrungsverordnung erg\u00e4nzt. Auch die Vorgaben zur Emissionsberichterstattung f\u00fcr die Jahre ab 2023 sollen dann perspektivisch in diese Durchf\u00fchrungsverordnung integriert werden.<\/p>\n<p>Im Rahmen der L\u00e4nder- und Verb\u00e4ndebeteiligung sind bis zum 11. August 2020 Stellungnahmen m\u00f6glich.<\/p>\n<p>Autor: Holger Tabke<\/p>\n<p>Karben, 22.07.2020<\/p>\n<p><a href=\"https:\/\/www.gallehr.de\/firma\/\">GALLEHR+PARTNER<sup>\u00ae<\/sup><\/a> unterst\u00fctzt betroffene Unternehmen zu Fragen rund um das nationale Emissionshandelssystem (nEHS) und das\u00a0 europ\u00e4ische Emissionshandelssystem (EU-ETS).<\/p>\n<p><a href=\"https:\/\/www.gallehr.de\/contact\/kontakt\/\">Bei Interesse nehmen Sie gerne Kontakt mit uns auf<\/a><\/p>\n<p>Das k\u00f6nnte Sie auch interessieren:<\/p>\n<ul>\n<li><u><a href=\"https:\/\/www.gallehr.de\/eu-ets-ueberwachungsplaene-fuer-die-4-handelsperiode-muessen-bis-zum-31-07-2020-eingereicht-werden\/\">EU-ETS: \u00dcberwachungspl\u00e4ne f\u00fcr die 4. Handelsperiode m\u00fcssen bis zu, 31.07.2020 eingereicht werden<\/a><\/u><\/li>\n<li><a href=\"https:\/\/www.gallehr.de\/dehst-hintergrundpapier-zum-nationalen-emissionshandelssystem-nehs-behg-veroeffentlicht\/\">DEHSt Hintergrundpapier zum nationalen Emissionshandelssystem (nEHS\/BEHG) ver\u00f6ffentlicht<\/a><\/li>\n<li><a href=\"https:\/\/www.gallehr.de\/brennstoffemissionshandelsgesetz-behg-nehs-wer-ist-betroffen\/\">Brennstoffemissionshandelsgesetz (BEHG, nEHS) \u2013 Wer ist betroffen?<\/a><\/li>\n<li><a href=\"https:\/\/www.gallehr.de\/kompetenz\/emissions-trading\/\">Das europ\u00e4ische Emissionshandelssystem (EU-ETS) und die Konsequenzen f\u00fcr betroffene Unternehmen<\/a><\/li>\n<li><a href=\"https:\/\/www.gallehr.de\/kompetenz\/energiemanagement-beratungs-module\/\">Energiemanagement in der Industrie: Die ISO 50001 als Managementsystem zur Vermeidung von Energie- und CO<sub>2<\/sub> Kosten<\/a><\/li>\n<\/ul>\n","protected":false},"excerpt":{"rendered":"<p>Bewegung beim Thema nationaler Emissionshandel (BEHG) Es gibt Bewegung beim Thema nationaler Emissionshandel. Das Bundesministerium f\u00fcr Umwelt, Naturschutz und nukleare [&hellip;]<\/p>\n","protected":false},"author":2,"featured_media":0,"comment_status":"closed","ping_status":"closed","sticky":false,"template":"","format":"standard","meta":{"footnotes":""},"categories":[180,178],"tags":[335,336,189,301,312,313,334],"class_list":["post-3607","post","type-post","status-publish","format-standard","hentry","category-news","category-archiv","tag-behv","tag-bev-2022","tag-emissionshandel","tag-behg","tag-nationaler-emissionshandel","tag-nehs","tag-co2"],"_links":{"self":[{"href":"https:\/\/www.gallehr.de\/de\/wp-json\/wp\/v2\/posts\/3607","targetHints":{"allow":["GET"]}}],"collection":[{"href":"https:\/\/www.gallehr.de\/de\/wp-json\/wp\/v2\/posts"}],"about":[{"href":"https:\/\/www.gallehr.de\/de\/wp-json\/wp\/v2\/types\/post"}],"author":[{"embeddable":true,"href":"https:\/\/www.gallehr.de\/de\/wp-json\/wp\/v2\/users\/2"}],"replies":[{"embeddable":true,"href":"https:\/\/www.gallehr.de\/de\/wp-json\/wp\/v2\/comments?post=3607"}],"version-history":[{"count":0,"href":"https:\/\/www.gallehr.de\/de\/wp-json\/wp\/v2\/posts\/3607\/revisions"}],"wp:attachment":[{"href":"https:\/\/www.gallehr.de\/de\/wp-json\/wp\/v2\/media?parent=3607"}],"wp:term":[{"taxonomy":"category","embeddable":true,"href":"https:\/\/www.gallehr.de\/de\/wp-json\/wp\/v2\/categories?post=3607"},{"taxonomy":"post_tag","embeddable":true,"href":"https:\/\/www.gallehr.de\/de\/wp-json\/wp\/v2\/tags?post=3607"}],"curies":[{"name":"wp","href":"https:\/\/api.w.org\/{rel}","templated":true}]}}