{"id":3549,"date":"2020-05-11T17:30:35","date_gmt":"2020-05-11T15:30:35","guid":{"rendered":"https:\/\/hostsharing.gallehr.de\/?p=3549"},"modified":"2026-01-27T18:31:29","modified_gmt":"2026-01-27T17:31:29","slug":"mitarbeitersuche-energiemanager-bzw-co2-manager-w-m-d","status":"publish","type":"post","link":"https:\/\/www.gallehr.de\/de\/mitarbeitersuche-energiemanager-bzw-co2-manager-w-m-d\/","title":{"rendered":"Mitarbeitersuche: Energiemanager bzw. CO2-Manager (w\/m\/d)"},"content":{"rendered":"<h2>Willkommen bei GALLEHR+PARTNER<sup>\u00ae<\/sup><\/h2>\n<p>M\u00f6chten Sie Ihre Ideen in zukunftsf\u00e4hige L\u00f6sungen f\u00fcr die energieintensive Industrie verwandeln? M\u00f6chten Sie uns dabei unterst\u00fctzen, Industrieunternehmen zu helfen, die gesetzlichen und allgemeinen Herausforderungen des Klimaschutzes und der Energiewende so zu meistern, dass sie sowohl ihre Wettbewerbsf\u00e4higkeit steigern als auch einen Weg in die Klimaneutralit\u00e4t finden?<\/p>\n<p><a href=\"https:\/\/www.gallehr.de\/wordpress\/wp-content\/uploads\/2021\/02\/Zusammen.png\"><img decoding=\"async\" class=\"aligncenter size-medium wp-image-85035\" src=\"https:\/\/www.gallehr.de\/wordpress\/wp-content\/uploads\/2021\/02\/Zusammen-300x225.png\" alt=\"\" width=\"300\" height=\"225\" srcset=\"https:\/\/www.gallehr.de\/wordpress\/wp-content\/uploads\/2021\/02\/Zusammen-300x225.png 300w, https:\/\/www.gallehr.de\/wordpress\/wp-content\/uploads\/2021\/02\/Zusammen.png 640w\" sizes=\"(max-width: 300px) 100vw, 300px\" \/><\/a><\/p>\n<p>Ob im Bereich Klimaschutz, Emissionshandel, Energieeffizienz, Energiemanagement oder &#8211; vielleicht noch interessanter f\u00fcr Sie &#8211; in einer Kombination der genannten Themen? Mit uns helfen Sie, dass international agierende Industrieunternehmen eine der wichtigsten Herausforderungen unserer Zeit meistern k\u00f6nnen. Willkommen bei GALLEHR+PARTNER<sup>\u00ae<\/sup>.<\/p>\n<p>Die <em>Gallehr Sustainable Risk Management GmbH<\/em> freut sich auf Ihre Bewerbung!<\/p>\n<p><strong>Anstellungsart:<\/strong> Unbefristet mit 6 Monaten Probezeit<br \/>\n<strong>Arbeitszeit:<\/strong> Arbeitszeiten k\u00f6nnen bei Bedarf flexibel vereinbart werden<br \/>\n<strong>Arbeitsort:<\/strong> <a href=\"https:\/\/maps.metager.de\/map\/Hauptstrasse%2043%20Karben\/8.757142660857426,50.25011690000002,18\" target=\"_blank\" rel=\"noopener noreferrer\">Karben bei Frankfurt am Main<\/a><\/p>\n<h2>Ihre Aufgaben<\/h2>\n<ul>\n<li><strong>In die Praxis eintauchen: <\/strong>Sie unterst\u00fctzen <a href=\"https:\/\/www.gallehr.de\/firma\/references\/\">unsere Kunden<\/a> in verschiedenen Themen. In erster Linie sehr konkret bei den formalen und regulatorischen Anforderungen zur Erf\u00fcllung der Pflichten im <a href=\"https:\/\/ec.europa.eu\/clima\/policies\/ets_de\" target=\"_blank\" rel=\"noopener noreferrer\">Europ\u00e4ischen CO2 Emissionshandel<\/a>. Nachdem Sie unterst\u00fctzend t\u00e4tig waren, werden Sie <a href=\"https:\/\/www.dehst.de\/DE\/Nationaler-Emissionshandel\/Ueberwachungsplan-Emissionsbericht-Abgabe\/ueberwachungsplan-emissionsbericht-abgabe_node.html\" target=\"_blank\" rel=\"noopener noreferrer\">\u00dcberwachungspl\u00e4ne und Emissionsberichte<\/a> erstellen, die digitalen Beh\u00f6rdenschnittstellen zur <a href=\"https:\/\/www.dehst.de\/\" target=\"_blank\" rel=\"noopener noreferrer\">DEHSt<\/a> bedienen und das digitale <a href=\"https:\/\/unionregistry.ec.europa.eu\/euregistry\/DE\/index.xhtml\" target=\"_blank\" rel=\"noopener noreferrer\">Berechtigungsregister der EU Kommission<\/a> kennen lernen.<\/li>\n<li><strong>Genauigkeit und Eigenverantwortlichkeit: <\/strong>Bei der hier angebotenen T\u00e4tigkeit kommt es auf Genauigkeit und Richtigkeit an. Jedes Ihrer Ergebnisse wird am Ende von unabh\u00e4ngigen Gutachtern und \u00f6ffentlichen Stellen \u00fcberpr\u00fcft und best\u00e4tigt. Deshalb ist eine strukturierte und eigenverantwortliche T\u00e4tigkeit erforderlich.<\/li>\n<li><strong>Souver\u00e4n abwickeln: <\/strong>Sie werden direkten Kundenkontakt haben und rechtzeitig zu gesetzlichen Terminen alle Aufgaben f\u00fcr unsere Kunden erledigt haben.<\/li>\n<\/ul>\n<h2>Ihr Profil<\/h2>\n<ul>\n<li><strong>Ausbildung:<\/strong> Sie haben einen Abschluss (Uni\/FH\/BA)\u00a0 im Bereich Energiemanagement, (Wirtschafts-)Ingenieurwesen, Wirtschaftswissenschaften oder vergleichbar.<\/li>\n<li><strong>Pers\u00f6nlichkeit:<\/strong> Sie sind teamf\u00e4hig, engagiert und ambitioniert ohne Angst, Fragen zu stellen und Spass am Umgang mit Kunden.<\/li>\n<li><strong>Arbeitsweise:<\/strong> Sie arbeiten strukturiert, genau, agil und zielstrebig mit Exzellenzanspruch an Ihre Arbeit.<\/li>\n<li><strong>Erfahrungen: <\/strong>Sie haben Ihren Bachelor oder Master mit Arbeitsbeginn in der Tasche.<strong><br \/>\n<\/strong><\/li>\n<li><strong>Know-How:<\/strong> Sie kennen die grunds\u00e4tzlichen Zusammenh\u00e4nge des Energie- und Klimaschutzkomplexes. Insbesondere den Unterschied zwischen Leistung und Arbeit. Erwartet werden dar\u00fcber hinaus sehr gute Microsoft Excel Kenntnisse und ein erfahrener Umgang mit digitalen Zug\u00e4ngen.<\/li>\n<li><strong>Motivation: <\/strong>Sie haben Freude an der genauen Erf\u00fcllung gegebener komplexer Anforderungen und am Erkennen von technischen, kaufm\u00e4nnischen und nachhaltigen Optimierungsm\u00f6glichkeiten.<\/li>\n<li><strong>Sprachen:<\/strong> Sehr gutes, solides Deutsch in Wort und Schrift sowie Englisch (konversationssicher)<\/li>\n<li><strong>Reisebereitschaft: <\/strong>Wir bedienen Kunden in ganz Deutschland, teilweise auch im Ausland. Sie haben entsprechend Spass an Gesch\u00e4ftsreisen.<\/li>\n<\/ul>\n<h2>Unsere Vorteile f\u00fcr Sie<\/h2>\n<ul>\n<li><strong>Interessante und abwechslungsreiche T\u00e4tigkeit f\u00fcr viele internationale Unternehmen<\/strong><\/li>\n<li><strong><b>Mitarbeit an vielseitigen Aufgaben in einem motivierten und kompetenten Team<\/b><\/strong><\/li>\n<li><strong><b>Flache Hierarchien und kurze Entscheidungswege<\/b><\/strong><\/li>\n<li><strong><b>Vertrauensvolles Betriebsklima, fairer und offener Umgang<\/b><\/strong><\/li>\n<li><b>Flexibles und mobiles Arbeiten<\/b>: Wir bieten Ihnen flexible Arbeits(zeit)modelle.<\/li>\n<li><b>Angebunden an die ganze Welt und trotzdem im Gr\u00fcnen<\/b>: Unser Hauptsitz liegt mit der S Bahn 30 min vom Zentrum Frankfurt am Main entfernt. Gleichzeitig l\u00e4dt die unmittelbare Umgebung direkt zu ausgiebigen sportlichen- und freizeitlichen Aktivit\u00e4ten im Gr\u00fcnen ein.<\/li>\n<li><b>Freiraum f\u00fcr Kreativit\u00e4t und berufliche Weiterentwicklung<\/b><\/li>\n<\/ul>\n<h2>Kontakt und Wissenswertes<\/h2>\n<p><strong>Beginn:<\/strong> Ab sofort<br \/>\n<strong>Dauer:<\/strong> Unbefristet<\/p>\n<p><strong>Sie haben Fragen zum Job oder zu unserem Unternehmen?<\/strong><\/p>\n<p>Wir stehen gerne jederzeit zur Verf\u00fcgung. Kontaktieren Sie uns entweder telefonisch unter +49 6039 9263686 oder \u00fcber unser <a href=\"https:\/\/www.gallehr.de\/contact\/kontakt\/\">Kontaktformular.<\/a><\/p>\n<h2><strong><a href=\"mailto:bewerbung@gallehr.de\">Oder bewerben Sie sich gleich jetzt!<\/a><\/strong><\/h2>\n","protected":false},"excerpt":{"rendered":"<p>Willkommen bei GALLEHR+PARTNER\u00ae M\u00f6chten Sie Ihre Ideen in zukunftsf\u00e4hige L\u00f6sungen f\u00fcr die energieintensive Industrie verwandeln? M\u00f6chten Sie uns dabei unterst\u00fctzen, [&hellip;]<\/p>\n","protected":false},"author":2,"featured_media":0,"comment_status":"closed","ping_status":"closed","sticky":false,"template":"","format":"standard","meta":{"footnotes":""},"categories":[180,566],"tags":[328,329,330,331],"class_list":["post-3549","post","type-post","status-publish","format-standard","hentry","category-news","category-jobs","tag-energiemanager","tag-job","tag-mitarbeiter","tag-stellenanzeige"],"_links":{"self":[{"href":"https:\/\/www.gallehr.de\/de\/wp-json\/wp\/v2\/posts\/3549","targetHints":{"allow":["GET"]}}],"collection":[{"href":"https:\/\/www.gallehr.de\/de\/wp-json\/wp\/v2\/posts"}],"about":[{"href":"https:\/\/www.gallehr.de\/de\/wp-json\/wp\/v2\/types\/post"}],"author":[{"embeddable":true,"href":"https:\/\/www.gallehr.de\/de\/wp-json\/wp\/v2\/users\/2"}],"replies":[{"embeddable":true,"href":"https:\/\/www.gallehr.de\/de\/wp-json\/wp\/v2\/comments?post=3549"}],"version-history":[{"count":0,"href":"https:\/\/www.gallehr.de\/de\/wp-json\/wp\/v2\/posts\/3549\/revisions"}],"wp:attachment":[{"href":"https:\/\/www.gallehr.de\/de\/wp-json\/wp\/v2\/media?parent=3549"}],"wp:term":[{"taxonomy":"category","embeddable":true,"href":"https:\/\/www.gallehr.de\/de\/wp-json\/wp\/v2\/categories?post=3549"},{"taxonomy":"post_tag","embeddable":true,"href":"https:\/\/www.gallehr.de\/de\/wp-json\/wp\/v2\/tags?post=3549"}],"curies":[{"name":"wp","href":"https:\/\/api.w.org\/{rel}","templated":true}]}}