{"id":2082,"date":"2016-01-15T14:19:20","date_gmt":"2016-01-15T14:19:20","guid":{"rendered":"https:\/\/hostsharing.gallehr.de\/?p=2082"},"modified":"2026-02-03T17:25:45","modified_gmt":"2026-02-03T16:25:45","slug":"durchfuehrung-von-energieaudits-noch-bis-april-2016-moeglich","status":"publish","type":"post","link":"https:\/\/www.gallehr.de\/de\/durchfuehrung-von-energieaudits-noch-bis-april-2016-moeglich\/","title":{"rendered":"Durchf\u00fchrung von Energieaudits noch bis April 2016 m\u00f6glich"},"content":{"rendered":"<p>Nach dem<a href=\"http:\/\/www.gesetze-im-internet.de\/edl-g\/\" target=\"_blank\" rel=\"noopener\"> Energiedienstleistungsgesetz (EDL-G)<\/a>, h\u00e4tten alle gr\u00f6\u00dferen Unternehmen, dies sind Unternehmen die keine kleinen oder mittleren Unternehmen im Sinne der <a href=\"https:\/\/www.gallehr.de\/online-orientierungshilfe-energieaudit-kmu\/\" target=\"_blank\" rel=\"noopener\">Definition der EU-Kommission<\/a> sind, ein Energieaudit nach \u00a7 8 ff. EDL-G bis sp\u00e4testens 05.12.2015 durchf\u00fchren m\u00fcssen.<\/p>\n<p>Hintergr\u00fcnde zur Durchf\u00fchrung finden Sie auf der GALLEHR+PARTNER<sup>\u00ae<\/sup> Infoseite: <a href=\"https:\/\/www.gallehr.de\/kompetenz\/kompetenz-energiemanagement\/energieaudit-nach-edl-g\/\" target=\"_blank\" rel=\"noopener\">Energieaudit nach Energiedienstleistungsgesetz<\/a><\/p>\n<p>Kommen Unternehmen ihrer Pflicht zur Durchf\u00fchrung des Energieaudits nicht fristgerecht nach, so kann entsprechend dem <a href=\"http:\/\/www.gesetze-im-internet.de\/edl-g\/__12.html\" target=\"_blank\" rel=\"noopener\">\u00a7 12 EDL-G<\/a> ein Bu\u00dfgeld in H\u00f6he von 50.000 EUR verh\u00e4ngt werden.<br \/>\nLaut eines Schreibens des <a href=\"http:\/\/www.konstanz.ihk.de\/innovation\/energiefragen\/NEWS_aus_der_Energie\/Aenderung_des_Energiedienstleistungsgesetzes_-_Verpflichtende_E\/1669736\" target=\"_blank\" rel=\"noopener\">DIHK (850290)<\/a> hat sich das BMWi nun schriftlich zum Ermessensspielraum des BAFA bei der Stichprobenkontrolle im ersten Quartal 2016 ge\u00e4u\u00dfert.<br \/>\nDemnach hat das BMWi den Beratungsengpass vor Ablauf der gesetzlichen Frist vom 05.12.2015 erkannt und das BAFA darauf hingewiesen, bei Unternehmen, welche glaubhafte Gr\u00fcnde f\u00fcr ihre Frist\u00fcberschreitung vorbringen k\u00f6nnen von einem Bu\u00dfgeld abzusehen. Wer es jedoch vers\u00e4umt bis Ende April 2016 ein Energieaudit durchzuf\u00fchren, muss mit einem Bu\u00dfgeld rechnen. Ebenso weist das BMWi darauf hin, dass der Ermessensspielraum des BAFA mit fortschreitender Frist\u00fcberschreitung geringer ausfallen wird.<\/p>\n<p>Alternativ k\u00f6nnen sich Unternehmen dazu verpflichten, ein <a href=\"https:\/\/www.google.de\/url?sa=t&amp;rct=j&amp;q=&amp;esrc=s&amp;source=web&amp;cd=2&amp;cad=rja&amp;uact=8&amp;ved=0ahUKEwjP7snd9avKAhXivHIKHUXJAbkQFgguMAE&amp;url=http%3A%2F%2Fwww.emas.de%2Fueber-emas%2Fwas-ist-emas%2F&amp;usg=AFQjCNEddWwi6WrW9MQLK4OJL1x7ULyU5g\" target=\"_blank\" rel=\"noopener\">Umweltmanagementsystem nach EMAS<\/a> oder ein <a href=\"https:\/\/www.gallehr.de\/kompetenz\/kompetenz-energiemanagement\/iso-50001\/\">Energiemanagementsystem nach ISO 50001<\/a> einzuf\u00fchren.<br \/>\nIn diesem Fall wird den Unternehmen eine Fristverl\u00e4ngerung bis Ende des Jahres 2016 gew\u00e4hrt.<br \/>\nDie Fristverl\u00e4ngerung ist nur g\u00fcltig, wenn Unternehmen eine Verpflichtungserkl\u00e4rung sowie eine erste energetische Bewertung vorweisen k\u00f6nnen. Ausf\u00fchrliche Informationen hierzu finden Sie in unserem <a href=\"https:\/\/www.gallehr.de\/?wpfb_dl=127\">GALLEHR+PARTNER<sup>\u00ae<\/sup> Infobrief <\/a>.<\/p>\n<p>Die Implementierung eines Energiemanagementsystems bis Ende dieses Jahres erfordert eine z\u00fcgige Umsetzung und entsprechende Planung.<br \/>\nOb f\u00fcr Ihr Unternehmen die Durchf\u00fchrung eines Energieaudits oder die Einf\u00fchrung eines Energiemanagementsystems zu empfehlen ist, sagt Ihnen gerne ein <a href=\"https:\/\/www.gallehr.de\/contact\/\" target=\"_blank\" rel=\"noopener\">GALLEHR+PARTNER<sup>\u00ae<\/sup> Experte<\/a>.<\/p>\n","protected":false},"excerpt":{"rendered":"<p>Nach dem Energiedienstleistungsgesetz (EDL-G), h\u00e4tten alle gr\u00f6\u00dferen Unternehmen, dies sind Unternehmen die keine kleinen oder mittleren Unternehmen im Sinne der [&hellip;]<\/p>\n","protected":false},"author":2,"featured_media":0,"comment_status":"closed","ping_status":"closed","sticky":false,"template":"","format":"standard","meta":{"footnotes":""},"categories":[930,180,178],"tags":[218,220,224,225],"class_list":["post-2082","post","type-post","status-publish","format-standard","hentry","category-energieaudits","category-news","category-archiv","tag-edl-g","tag-energieaudit","tag-din-16247","tag-frist"],"_links":{"self":[{"href":"https:\/\/www.gallehr.de\/de\/wp-json\/wp\/v2\/posts\/2082","targetHints":{"allow":["GET"]}}],"collection":[{"href":"https:\/\/www.gallehr.de\/de\/wp-json\/wp\/v2\/posts"}],"about":[{"href":"https:\/\/www.gallehr.de\/de\/wp-json\/wp\/v2\/types\/post"}],"author":[{"embeddable":true,"href":"https:\/\/www.gallehr.de\/de\/wp-json\/wp\/v2\/users\/2"}],"replies":[{"embeddable":true,"href":"https:\/\/www.gallehr.de\/de\/wp-json\/wp\/v2\/comments?post=2082"}],"version-history":[{"count":0,"href":"https:\/\/www.gallehr.de\/de\/wp-json\/wp\/v2\/posts\/2082\/revisions"}],"wp:attachment":[{"href":"https:\/\/www.gallehr.de\/de\/wp-json\/wp\/v2\/media?parent=2082"}],"wp:term":[{"taxonomy":"category","embeddable":true,"href":"https:\/\/www.gallehr.de\/de\/wp-json\/wp\/v2\/categories?post=2082"},{"taxonomy":"post_tag","embeddable":true,"href":"https:\/\/www.gallehr.de\/de\/wp-json\/wp\/v2\/tags?post=2082"}],"curies":[{"name":"wp","href":"https:\/\/api.w.org\/{rel}","templated":true}]}}