{"id":1685,"date":"2015-05-12T14:33:49","date_gmt":"2015-05-12T14:33:49","guid":{"rendered":"https:\/\/hostsharing.gallehr.de\/?p=1685"},"modified":"2026-02-03T17:25:02","modified_gmt":"2026-02-03T16:25:02","slug":"infobrief-energiemanagement-01-2015-energieauditpflicht-nach-%c2%a7%c2%a7-8-ff-edl-g-in-komplexen-unternehmensstrukturen","status":"publish","type":"post","link":"https:\/\/www.gallehr.de\/de\/infobrief-energiemanagement-01-2015-energieauditpflicht-nach-%c2%a7%c2%a7-8-ff-edl-g-in-komplexen-unternehmensstrukturen\/","title":{"rendered":"Infobrief Energiemanagement 01-2015: Energieauditpflicht nach \u00a7\u00a7 8 ff. EDL-G in komplexen Unternehmensstrukturen"},"content":{"rendered":"<p>Bis Ende diesen Jahres (bis zum 05.12.2015) muss jedes gr\u00f6\u00dfere Unternehmen (jedes Nicht-KMU) einen Nachweis erbringen, dass es die Anforderungen nach \u00a7\u00a7 8 ff. EDL-G an eine energetische Bewertung des Unternehmens erf\u00fcllt hat. Sollte kein Energiemanagementsystem nach ISO 50001 eingef\u00fchrt sein, oder bis 2016 eingef\u00fchrt werden, bzw. keine g\u00fcltige EMAS Registrierung vorhanden sein, m\u00fcssen die betroffenen Unternehmen ein Energieaudit nach DIN EN 16247-1 durchgef\u00fchrt haben.<\/p>\n<p>Unternehmen, die entgegen ihrer Verpflichtung ein Energieaudit nicht, nicht richtig, nicht vollst\u00e4ndig oder nicht rechtzeitig durchf\u00fchren, droht ein Bu\u00dfgeld in H\u00f6he von bis zu 50.000 EUR.<\/p>\n<p>Der <strong><a href=\"https:\/\/www.gallehr.de\/?wpfb_dl=127\">hier kostenlos zum Download erh\u00e4ltliche GALLEHR+PARTNER<sup>\u00ae<\/sup> Infobrief Energiemanagement 01-2015 <\/a><\/strong>beschreibt die rechtlichen Hintergr\u00fcnde mittels eines Gastkommentars unseres Netzwerkpartners <a href=\"http:\/\/www.kk-rae.de\/cms\/index.php\/de\/dr-markus-ehrmann\" target=\"_blank\" rel=\"noopener\">Dr. Markus Ehrmann der Kanzlei K\u00f6chling &amp; Krahnefeld Rechtsanw\u00e4lte<\/a> und gibt Orientierung zur Erf\u00fcllung der Verpflichtungen nach EDL-G. Der Inhalt fokussiert auf die Situation, die in komplexen Unternehmen und Unternehmensverb\u00fcnden vorliegt.<!--:--><!--:en-->Bis Ende diesen Jahres (bis zum 05.12.2015) muss jedes gr\u00f6\u00dfere Unternehmen (jedes Nicht-KMU) einen Nachweis erbringen, dass es die Anforderungen nach \u00a7\u00a7 8 ff. EDL-G an eine energetische Bewertung des Unternehmens erf\u00fcllt hat. Sollte kein Energiemanagementsystem nach ISO 50001 eingef\u00fchrt sein, oder bis 2016 eingef\u00fchrt werden, bzw. keine g\u00fcltige EMAS Registrierung vorhanden sein, m\u00fcssen die betroffenen Unternehmen ein Energieaudit nach DIN EN 16247-1 durchgef\u00fchrt haben.<\/p>\n<p>Unternehmen, die entgegen ihrer Verpflichtung ein Energieaudit nicht, nicht richtig, nicht vollst\u00e4ndig oder nicht rechtzeitig durchf\u00fchren, droht ein Bu\u00dfgeld in H\u00f6he von bis zu 50.000 EUR.<\/p>\n<p>Der <strong><a href=\"https:\/\/www.gallehr.de\/?wpfb_dl=127\">hier kostenlos zum Download erh\u00e4ltliche GALLEHR+PARTNER<sup>\u00ae<\/sup> Infobrief Energiemanagement 01-2015 <\/a><\/strong>beschreibt die rechtlichen Hintergr\u00fcnde mittels eines Gastkommentars unseres Netzwerkpartners <a href=\"http:\/\/www.kk-rae.de\/cms\/index.php\/de\/dr-markus-ehrmann\" target=\"_blank\" rel=\"noopener\">Dr. Markus Ehrmann der Kanzlei K\u00f6chling &amp; Krahnefeld Rechtsanw\u00e4lte<\/a> und gibt Orientierung zur Erf\u00fcllung der Verpflichtungen nach EDL-G. Der Inhalt fokussiert auf die Situation, die in komplexen Unternehmen und Unternehmensverb\u00fcnden vorliegt.<\/p>\n","protected":false},"excerpt":{"rendered":"<p>Bis Ende diesen Jahres (bis zum 05.12.2015) muss jedes gr\u00f6\u00dfere Unternehmen (jedes Nicht-KMU) einen Nachweis erbringen, dass es die Anforderungen [&hellip;]<\/p>\n","protected":false},"author":2,"featured_media":0,"comment_status":"closed","ping_status":"closed","sticky":false,"template":"","format":"standard","meta":{"footnotes":""},"categories":[930,180,178],"tags":[183,186,217,218,219,220,222,223],"class_list":["post-1685","post","type-post","status-publish","format-standard","hentry","category-energieaudits","category-news","category-archiv","tag-energiemanagement","tag-iso50001","tag-bafa","tag-edl-g","tag-empfehlung-der-kommission-vom-6-mai-2003-betreffend-die-definition-der-kleinstunternehmen-sowie-der-kleinen-und-mittleren-unternehmen-2003361eg","tag-energieaudit","tag-kmu","tag-nicht-kmu"],"_links":{"self":[{"href":"https:\/\/www.gallehr.de\/de\/wp-json\/wp\/v2\/posts\/1685","targetHints":{"allow":["GET"]}}],"collection":[{"href":"https:\/\/www.gallehr.de\/de\/wp-json\/wp\/v2\/posts"}],"about":[{"href":"https:\/\/www.gallehr.de\/de\/wp-json\/wp\/v2\/types\/post"}],"author":[{"embeddable":true,"href":"https:\/\/www.gallehr.de\/de\/wp-json\/wp\/v2\/users\/2"}],"replies":[{"embeddable":true,"href":"https:\/\/www.gallehr.de\/de\/wp-json\/wp\/v2\/comments?post=1685"}],"version-history":[{"count":0,"href":"https:\/\/www.gallehr.de\/de\/wp-json\/wp\/v2\/posts\/1685\/revisions"}],"wp:attachment":[{"href":"https:\/\/www.gallehr.de\/de\/wp-json\/wp\/v2\/media?parent=1685"}],"wp:term":[{"taxonomy":"category","embeddable":true,"href":"https:\/\/www.gallehr.de\/de\/wp-json\/wp\/v2\/categories?post=1685"},{"taxonomy":"post_tag","embeddable":true,"href":"https:\/\/www.gallehr.de\/de\/wp-json\/wp\/v2\/tags?post=1685"}],"curies":[{"name":"wp","href":"https:\/\/api.w.org\/{rel}","templated":true}]}}