{"id":1607,"date":"2015-01-29T14:58:49","date_gmt":"2015-01-29T14:58:49","guid":{"rendered":"https:\/\/hostsharing.gallehr.de\/?p=1607"},"modified":"2026-01-27T18:35:21","modified_gmt":"2026-01-27T17:35:21","slug":"gallehrpartner-co2-infobrief-01-2015-die-strompreiskompensation-geht-in-die-nachste-phase","status":"publish","type":"post","link":"https:\/\/www.gallehr.de\/de\/gallehrpartner-co2-infobrief-01-2015-die-strompreiskompensation-geht-in-die-nachste-phase\/","title":{"rendered":"GALLEHR+PARTNER\u00ae CO2 Infobrief 01-2015: Die Strompreiskompensation geht in die n\u00e4chste Phase"},"content":{"rendered":"<p>Die Beihilfe f\u00fcr indirekte CO<sub>2<\/sub>-Kosten, auch Strompreiskompensation genannt, geht in das zweite Jahr. GALLEHR+PARTNER<sup>\u00ae<\/sup> hat seine Kunden f\u00fcr die erste Antragsrunde bei komplexen Anlagen- und Produktkonfigurationen unterst\u00fctzen k\u00f6nnen. Im Speziellen stellten uns die Mineral\u00f6lindustrie mit ihren komplexen organischen und chemischen Wertprodukten und die Metallherstellung mit den spezifischen Produktweiterleitungen vor die Herausforderung, die Antragsstruktur und die Leitf\u00e4den bis ins letzte Detail durchdringen zu m\u00fcssen.<br \/>\nDer <strong><a title=\"GALLEHR+PARTNER &lt;sub&gt;2&lt;\/sub&gt; Infobrief 01-2015\" href=\"https:\/\/www.gallehr.de\/?wpfb_dl=122\">hier kostenlos zum download verf\u00fcgbare GALLEHR+PARTNER<sup>\u00ae<\/sup> Infobrief 01-2015<\/a><\/strong> behandelt entsprechend neben einem kurzen Themenupdate die Erfahrungen, die wir in der ersten Runde bei der Beantragung von Strompreiskompensation sammeln konnten.<\/p>\n","protected":false},"excerpt":{"rendered":"<p>Die Beihilfe f\u00fcr indirekte CO2-Kosten, auch Strompreiskompensation genannt, geht in das zweite Jahr. GALLEHR+PARTNER\u00ae hat seine Kunden f\u00fcr die erste [&hellip;]<\/p>\n","protected":false},"author":2,"featured_media":0,"comment_status":"closed","ping_status":"closed","sticky":false,"template":"","format":"standard","meta":{"footnotes":""},"categories":[848,180,178],"tags":[200,206,207,215],"class_list":["post-1607","post","type-post","status-publish","format-standard","hentry","category-strompreiskompensation","category-news","category-archiv","tag-gallehr","tag-spk","tag-strompreiskompensation","tag-beihilfe-fur-indirekte-co2-kosten"],"_links":{"self":[{"href":"https:\/\/www.gallehr.de\/de\/wp-json\/wp\/v2\/posts\/1607","targetHints":{"allow":["GET"]}}],"collection":[{"href":"https:\/\/www.gallehr.de\/de\/wp-json\/wp\/v2\/posts"}],"about":[{"href":"https:\/\/www.gallehr.de\/de\/wp-json\/wp\/v2\/types\/post"}],"author":[{"embeddable":true,"href":"https:\/\/www.gallehr.de\/de\/wp-json\/wp\/v2\/users\/2"}],"replies":[{"embeddable":true,"href":"https:\/\/www.gallehr.de\/de\/wp-json\/wp\/v2\/comments?post=1607"}],"version-history":[{"count":0,"href":"https:\/\/www.gallehr.de\/de\/wp-json\/wp\/v2\/posts\/1607\/revisions"}],"wp:attachment":[{"href":"https:\/\/www.gallehr.de\/de\/wp-json\/wp\/v2\/media?parent=1607"}],"wp:term":[{"taxonomy":"category","embeddable":true,"href":"https:\/\/www.gallehr.de\/de\/wp-json\/wp\/v2\/categories?post=1607"},{"taxonomy":"post_tag","embeddable":true,"href":"https:\/\/www.gallehr.de\/de\/wp-json\/wp\/v2\/tags?post=1607"}],"curies":[{"name":"wp","href":"https:\/\/api.w.org\/{rel}","templated":true}]}}