{"id":1593,"date":"2014-10-28T10:51:15","date_gmt":"2014-10-28T10:51:15","guid":{"rendered":"https:\/\/hostsharing.gallehr.de\/?p=1593"},"modified":"2021-07-02T10:56:45","modified_gmt":"2021-07-02T08:56:45","slug":"schlussfolgerung-der-eu-ratssitzung-zur-zukunft-des-emissionshandels-und-der-energieeffizienz","status":"publish","type":"post","link":"https:\/\/www.gallehr.de\/de\/schlussfolgerung-der-eu-ratssitzung-zur-zukunft-des-emissionshandels-und-der-energieeffizienz\/","title":{"rendered":"Schlussfolgerung der EU Ratssitzung zur Zukunft des Emissionshandels und der Energieeffizienz"},"content":{"rendered":"<p>Am 23. und 24. 10. hat sich der Rat der EU Mitgliedsstaaten\u00a0 unter Anderem \u00fcber den Rahmen f\u00fcr die zuk\u00fcnftige Klima- und Energiepolitik bis 2030 ausgetauscht. Das gesamte Dokument der Schlussfolgerungen finden Sie <a title=\"download Schlussfolgerungen EU Ratssitzung\" href=\"https:\/\/www.gallehr.de\/?wpfb_dl=118\"><strong>hier zum kostenlosen Download<\/strong><\/a>. Im Folgenden werden einige Stichpunkte zu den Beschl\u00fcssen genannt:<\/p>\n<ul>\n<li>Beschluss die EU-internen Treibhausgasemissionen <strong>bis 2030 um mindestens 40 % im Vergleich zu 1990 zu reduzieren<\/strong><\/li>\n<li>Beschluss zur Einrichtung eines <strong>Instruments zur Stabilisierung des EU Emissionshandels Marktes<\/strong><\/li>\n<li>Anhebung des j\u00e4hrlichen Faktors, um den die Obergrenze f\u00fcr die maximal zul\u00e4ssigen Emissionen gesenkt wird, von<strong> 1,74 % auf 2,2 % f\u00fcr die Zeit ab 2021<\/strong><\/li>\n<li>Das <strong>System der kostenfreien Zuteilung<\/strong> von Emissionsrechten wird auch nach 2020 nicht au\u00dfer Kraft treten (F\u00fcr CL gef\u00e4hrdete Sektoren)<\/li>\n<li>K\u00fcnftige <strong>Zuteilungen werden st\u00e4rker an das sich \u00e4ndernde Produktionsniveau in verschiedenen Sektoren angepasst<\/strong> werden<\/li>\n<li><strong>Mitgliedstaaten mit einem Pro-Kopf-BIP unter 60 % des EU-Durchschnitts:<\/strong>\n<ul>\n<li>Entscheidungsfreiheit,\u00a0 dem <strong>Energiesektor bis 2030 weiterhin kostenlose Zertifikate zu gew\u00e4hren.<\/strong><\/li>\n<li><strong>Reserve von 2% der EU-EHS-Zertifikate f\u00fcr besonders hohen Investitionsbedarf<\/strong><\/li>\n<\/ul>\n<\/li>\n<li>Nach 2020 weiter Instrumente und Ma\u00dfnahmen f\u00fcr ein umfassendes und technologieneutrales Konzept zu pr\u00fcfen, mit dem die Emissionsreduktion und die Energieeffizienz im <strong>Verkehrssektor, der Elektroverkehr und erneuerbare Energiequellen im Verkehrssektor<\/strong> gef\u00f6rdert werden<\/li>\n<li><strong>Erneuerbare Energiequellen und Energieeffizienz<\/strong>\n<ul>\n<li>F\u00fcr den bis 2030 zu erreichenden Anteil der erneuerbaren Energien am Energieverbrauch in der EU wird ein <strong>verbindliches EU-Ziel von mindestens 27 % festgesetzt<\/strong><\/li>\n<li>Zur Verbesserung der <strong>Energieeffizienz<\/strong> bis 2030 gegen\u00fcber dem auf der Basis der derzeitigen Kriterien prognostizierten k\u00fcnftigen Energieverbrauch wird auf EU-Ebene ein <strong>indikatives Ziel von mindestens 27 % vorgegeben.<\/strong><\/li>\n<li>Diese Ziele werden unter vollst\u00e4ndiger Achtung der <strong>Freiheit der Mitgliedstaaten zur Festlegung ihres Energiemixes<\/strong> erreicht.<\/li>\n<\/ul>\n<\/li>\n<\/ul>\n","protected":false},"excerpt":{"rendered":"<p>Am 23. und 24. 10. hat sich der Rat der EU Mitgliedsstaaten\u00a0 unter Anderem \u00fcber den Rahmen f\u00fcr die zuk\u00fcnftige [&hellip;]<\/p>\n","protected":false},"author":2,"featured_media":0,"comment_status":"closed","ping_status":"closed","sticky":false,"template":"","format":"standard","meta":{"footnotes":""},"categories":[177,178],"tags":[],"class_list":["post-1593","post","type-post","status-publish","format-standard","hentry","category-in-den-medien","category-archiv"],"_links":{"self":[{"href":"https:\/\/www.gallehr.de\/de\/wp-json\/wp\/v2\/posts\/1593","targetHints":{"allow":["GET"]}}],"collection":[{"href":"https:\/\/www.gallehr.de\/de\/wp-json\/wp\/v2\/posts"}],"about":[{"href":"https:\/\/www.gallehr.de\/de\/wp-json\/wp\/v2\/types\/post"}],"author":[{"embeddable":true,"href":"https:\/\/www.gallehr.de\/de\/wp-json\/wp\/v2\/users\/2"}],"replies":[{"embeddable":true,"href":"https:\/\/www.gallehr.de\/de\/wp-json\/wp\/v2\/comments?post=1593"}],"version-history":[{"count":0,"href":"https:\/\/www.gallehr.de\/de\/wp-json\/wp\/v2\/posts\/1593\/revisions"}],"wp:attachment":[{"href":"https:\/\/www.gallehr.de\/de\/wp-json\/wp\/v2\/media?parent=1593"}],"wp:term":[{"taxonomy":"category","embeddable":true,"href":"https:\/\/www.gallehr.de\/de\/wp-json\/wp\/v2\/categories?post=1593"},{"taxonomy":"post_tag","embeddable":true,"href":"https:\/\/www.gallehr.de\/de\/wp-json\/wp\/v2\/tags?post=1593"}],"curies":[{"name":"wp","href":"https:\/\/api.w.org\/{rel}","templated":true}]}}