{"id":1583,"date":"2014-09-30T14:11:45","date_gmt":"2014-09-30T14:11:45","guid":{"rendered":"https:\/\/hostsharing.gallehr.de\/?p=1583"},"modified":"2021-07-02T10:56:22","modified_gmt":"2021-07-02T08:56:22","slug":"infobrief-energiemanegement-2014-01-energetische-inspektion-nach-enev-%c2%a712","status":"publish","type":"post","link":"https:\/\/www.gallehr.de\/de\/infobrief-energiemanegement-2014-01-energetische-inspektion-nach-enev-%c2%a712\/","title":{"rendered":"Infobrief Energiemanagement 01-2014: Energetische Inspektion nach EnEV \u00a712"},"content":{"rendered":"<p>F\u00fcr alle Geb\u00e4ude, soweit sie unter Einsatz von Energie beheizt oder gek\u00fchlt werden, gilt verpflichtend die \u201eVerordnung \u00fcber energiesparenden W\u00e4rmeschutz und energiesparende Anlagentechnik bei Geb\u00e4uden\u201c, kurz Energieeinsparverordnung bzw. EnEV.<br \/>\nIm Speziellen gelten die verbindlichen Fristen nach \u00a712 der EnEV auch f\u00fcr gewerblich und industriell genutzte Betriebsgeb\u00e4ude und behandeln die energetische Inspektion von Klimaanlagen. Diese Inspektion hat nach einem festgelegten Plan zu erfolgen und kann bei nicht fristgerechter Erf\u00fcllung zu einem Bu\u00dfgeld von bis zu EUR 15.000,- pro Klimaanlage f\u00fchren. In einem mittleren Industriebetrieb befindet sich h\u00e4ufig eine zweistellige Anzahl von Anlagen zur Geb\u00e4udeklimatisierung, entsprechend hoch kann das Bu\u00dfgeld ausfallen.<br \/>\nDer <a title=\"Download Infobrief\" href=\"https:\/\/www.gallehr.de\/?wpfb_dl=114\">hier<\/a> kostenlos zu erhaltende\u00a0 <strong><a title=\"Download Infobrief\" href=\"https:\/\/www.gallehr.de\/?wpfb_dl=114\">GALLEHR+PARTNER Infobrief Energiemanagement 01-2014<\/a><\/strong> beschreibt das regulatorische Umfeld f\u00fcr Geb\u00e4udebetreiber, welches sich aus \u00a712 EnEV ergibt und beleuchtet das Verfahren der energetischen Inspektion von Klimaanlagen aus der praktischen Erfahrung heraus.<\/p>\n","protected":false},"excerpt":{"rendered":"<p>F\u00fcr alle Geb\u00e4ude, soweit sie unter Einsatz von Energie beheizt oder gek\u00fchlt werden, gilt verpflichtend die \u201eVerordnung \u00fcber energiesparenden W\u00e4rmeschutz [&hellip;]<\/p>\n","protected":false},"author":2,"featured_media":0,"comment_status":"closed","ping_status":"closed","sticky":false,"template":"","format":"standard","meta":{"footnotes":""},"categories":[180,178],"tags":[186,198,199,211,212,213],"class_list":["post-1583","post","type-post","status-publish","format-standard","hentry","category-news","category-archiv","tag-iso50001","tag--10-stromsteuergesetz","tag--55-energiesteuergesetz","tag-energieeinsparverordnung","tag-enev-12","tag-enev-2014"],"_links":{"self":[{"href":"https:\/\/www.gallehr.de\/de\/wp-json\/wp\/v2\/posts\/1583","targetHints":{"allow":["GET"]}}],"collection":[{"href":"https:\/\/www.gallehr.de\/de\/wp-json\/wp\/v2\/posts"}],"about":[{"href":"https:\/\/www.gallehr.de\/de\/wp-json\/wp\/v2\/types\/post"}],"author":[{"embeddable":true,"href":"https:\/\/www.gallehr.de\/de\/wp-json\/wp\/v2\/users\/2"}],"replies":[{"embeddable":true,"href":"https:\/\/www.gallehr.de\/de\/wp-json\/wp\/v2\/comments?post=1583"}],"version-history":[{"count":0,"href":"https:\/\/www.gallehr.de\/de\/wp-json\/wp\/v2\/posts\/1583\/revisions"}],"wp:attachment":[{"href":"https:\/\/www.gallehr.de\/de\/wp-json\/wp\/v2\/media?parent=1583"}],"wp:term":[{"taxonomy":"category","embeddable":true,"href":"https:\/\/www.gallehr.de\/de\/wp-json\/wp\/v2\/categories?post=1583"},{"taxonomy":"post_tag","embeddable":true,"href":"https:\/\/www.gallehr.de\/de\/wp-json\/wp\/v2\/tags?post=1583"}],"curies":[{"name":"wp","href":"https:\/\/api.w.org\/{rel}","templated":true}]}}