{"id":1335,"date":"2012-09-26T10:52:26","date_gmt":"2012-09-26T10:52:26","guid":{"rendered":"https:\/\/hostsharing.gallehr.de\/?p=1335"},"modified":"2021-07-02T10:39:56","modified_gmt":"2021-07-02T08:39:56","slug":"windkraft-europaische-hochtechnologiehersteller-sind-bereit-fur-kooperationen-aber-nicht-um-jeden-preis","status":"publish","type":"post","link":"https:\/\/www.gallehr.de\/de\/windkraft-europaische-hochtechnologiehersteller-sind-bereit-fur-kooperationen-aber-nicht-um-jeden-preis\/","title":{"rendered":"Windkraft: Europ\u00e4ische Hochtechnologiehersteller sind bereit f\u00fcr Kooperationen \u2013 aber nicht um jeden Preis"},"content":{"rendered":"<p>In einer von GALLEHR+PARTNER unterst\u00fctzten <a title=\"Download\" href=\"https:\/\/www.gallehr.de\/?wpfb_dl=78\" target=\"_blank\" rel=\"noopener\">Expertenbefragung<\/a> sch\u00e4tzen die f\u00fchrenden Windenergiehersteller die langfristige Marktentwicklung aufgrund des global steigenden Energiebedarfs und der h\u00f6heren gesellschaftlichen Akzeptanz positiv ein. Au\u00dferdem steht die Branche Kooperationen mit Unternehmen aus Schwellenl\u00e4ndern prinzipiell nicht abgeneigt gegen\u00fcber, sofern elementare Probleme wie der unkontrollierte Technologietransfer sowie die fehlende Rechtssicherheit ausger\u00e4umt werden k\u00f6nnen.<\/p>\n<p>Zu der Expertenbefragung sagt <a title=\"Zur Person Sebastian Gallehr\" href=\"http:\/\/www.sebastian.gallehr.de\/index.php\/lebenslauf\" target=\"_blank\" rel=\"noopener\">Sebastian Gallehr<\/a>, Hauptgesellschafter der Gallehr Sustainable Risk Management GmbH: \u201eDie Fragestellung nach der Offenheit von Deutschen Windenergieherstellern ist aktuell aus zwei Perspektiven relevant. Einerseits werden Chinesische Unternehmen der Windkraftbranche in den n\u00e4chsten Jahren verst\u00e4rkt auf die globalen M\u00e4rkte dr\u00e4ngen, wie es heute schon in der Photovoltaik-Branche der Fall ist, andererseits bietet der chinesische Markt f\u00fcr Deutsche Hersteller auch weiterhin ein gro\u00dfes Potential. Zu beiden Perspektiven dr\u00e4ngt sich die Frage Kooperationsbereitschaft und Kooperationsm\u00f6glichkeiten auf. Aus diesem Grund sind wir von GALLEHR+PARTNER sehr froh, dass wir die Untersuchung der <a title=\"haw\" href=\"http:\/\/www.haw-hamburg.de\/\" target=\"_blank\" rel=\"noopener\">Hochschule f\u00fcr angewandte Wissenschaften in Hamburg<\/a> mit unseren Kontakten und unserem Wissen unterst\u00fctzen konnten.\u201c<\/p>\n<h3><a title=\"Thesis Tilman Graf\" href=\"https:\/\/www.gallehr.de\/?wpfb_dl=78\" target=\"_blank\" rel=\"noopener\">Lesen Sie hier die gesamte Thesis<\/a><\/h3>\n","protected":false},"excerpt":{"rendered":"<p>In einer von GALLEHR+PARTNER unterst\u00fctzten Expertenbefragung sch\u00e4tzen die f\u00fchrenden Windenergiehersteller die langfristige Marktentwicklung aufgrund des global steigenden Energiebedarfs und der [&hellip;]<\/p>\n","protected":false},"author":2,"featured_media":0,"comment_status":"closed","ping_status":"closed","sticky":false,"template":"","format":"standard","meta":{"footnotes":""},"categories":[180,178],"tags":[],"class_list":["post-1335","post","type-post","status-publish","format-standard","hentry","category-news","category-archiv"],"_links":{"self":[{"href":"https:\/\/www.gallehr.de\/de\/wp-json\/wp\/v2\/posts\/1335","targetHints":{"allow":["GET"]}}],"collection":[{"href":"https:\/\/www.gallehr.de\/de\/wp-json\/wp\/v2\/posts"}],"about":[{"href":"https:\/\/www.gallehr.de\/de\/wp-json\/wp\/v2\/types\/post"}],"author":[{"embeddable":true,"href":"https:\/\/www.gallehr.de\/de\/wp-json\/wp\/v2\/users\/2"}],"replies":[{"embeddable":true,"href":"https:\/\/www.gallehr.de\/de\/wp-json\/wp\/v2\/comments?post=1335"}],"version-history":[{"count":0,"href":"https:\/\/www.gallehr.de\/de\/wp-json\/wp\/v2\/posts\/1335\/revisions"}],"wp:attachment":[{"href":"https:\/\/www.gallehr.de\/de\/wp-json\/wp\/v2\/media?parent=1335"}],"wp:term":[{"taxonomy":"category","embeddable":true,"href":"https:\/\/www.gallehr.de\/de\/wp-json\/wp\/v2\/categories?post=1335"},{"taxonomy":"post_tag","embeddable":true,"href":"https:\/\/www.gallehr.de\/de\/wp-json\/wp\/v2\/tags?post=1335"}],"curies":[{"name":"wp","href":"https:\/\/api.w.org\/{rel}","templated":true}]}}