{"id":1323,"date":"2012-10-17T11:00:37","date_gmt":"2012-10-17T11:00:37","guid":{"rendered":"https:\/\/hostsharing.gallehr.de\/?p=1323"},"modified":"2021-07-02T10:43:26","modified_gmt":"2021-07-02T08:43:26","slug":"tagung-iso50001-16102012-frankfurt","status":"publish","type":"post","link":"https:\/\/www.gallehr.de\/de\/tagung-iso50001-16102012-frankfurt\/","title":{"rendered":"TAGUNG: Strategisches Energiemanagement &#8211; ISO 50001"},"content":{"rendered":"<p style=\"text-align: center;\"><a title=\"dann GALLEHR+PARTNER Konferenzen, Energiemanagement ISO50001 Frankfurt-Main 16.10.2012\" href=\"https:\/\/www.gallehr.de\/extras\/downloads\/\" target=\"_blank\" rel=\"noopener\">Dienstag, 16. Oktober 2012, 09:00 &#8211; 17:00 Uhr, Frankfurt am Main<\/a><\/p>\n<p style=\"text-align: left;\">Die Einf\u00fchrung eines Energiemanagementsystems (EnMS) zur kontinuierlichen Steigerung der Energieeffizienz liefert meist die Grundlage f\u00fcr erhebliche Kostenersparnisse bei zeitnaher Amortisation des Investitionsvolumens. Weiterhin verpflichtet der deutsche Gesetzgeber alle Unternehmen des produzierenden Gewerbes, die ab 2013 die besondere Ausgleichsregelung nach EEG und den Spitzenausgleich nach Strom- und Energiesteuergesetz beanspruchen wollen, zur Einf\u00fchrung eines Energiemanagementsystems nach ISO 50001 oder eines EMAS Systems. Als Voraussetzung f\u00fcr erfolgreiches Energiemanagement m\u00fcssen dabei sowohl strategische als auch operative Unternehmensprozesse neu ausgerichtet werden.<\/p>\n<p style=\"text-align: left;\">Diese <a title=\"Tagungsunterlagen und Agenda\" href=\"https:\/\/www.gallehr.de\/?wpfb_dl=77\">Ganztagesveranstaltung von GALLEHR+PARTNER in Kooperation mit dem Nachhaltigkeitsnetzwerk AGRION<\/a> beleuchtet im Besonderen:<\/p>\n<ul>\n<li>Gesetzliche Anforderungen und steuerliche Beg\u00fcnstigungen<\/li>\n<li>Unternehmensinterne Change-Prozesse und Definition einer Energiepolitik<\/li>\n<li>Voraussetzungen f\u00fcr eine Zertifizierung nach ISO 50001<\/li>\n<li>Herausforderungen und Erfolgsfaktoren bei der Einf\u00fchrung eines Energiemanagementsystems mit<\/li>\n<li>Berichten aus der Praxis<\/li>\n<li>IT-gest\u00fctzte Energiedatenerfassung und -analyse<\/li>\n<\/ul>\n<h2 style=\"text-align: left;\">Zielgruppe:<\/h2>\n<p style=\"text-align: left;\">Fach- und F\u00fchrungskr\u00e4fte der deutschen Industrie.<\/p>\n<h2 style=\"text-align: left;\">Veranstaltungsort:<\/h2>\n<p style=\"text-align: left;\"><a title=\"Link zum Veranstaltungsort\" href=\"http:\/\/www.saalbau.com\/die-frankfurter-saalbauten-raumangebot\/saalbau-gutleut.html\" target=\"_blank\" rel=\"noopener\">SAALBAU Gutleut<\/a> Rottweiler Stra\u00dfe 32 60327 Frankfurt am Main Tel: +49 69 23 36 61, +49 69 25 04 51<\/p>\n<h3>Download der Vortr\u00e4ge<\/h3>\n<p>unter https:\/\/www.gallehr.de\/extras\/downloads\/, <span style=\"font-family: Helvetica,Arial,sans-serif;\">dann GALLEHR+PARTNER Konferenzen, <\/span><a title=\"Goto Energiemanagement ISO50001 Frankfurt-Main 16.10.2012\">Energiemanagement ISO50001 Frankfurt-Main 16.10.2012<\/a><\/p>\n","protected":false},"excerpt":{"rendered":"<p>Dienstag, 16. Oktober 2012, 09:00 &#8211; 17:00 Uhr, Frankfurt am Main Die Einf\u00fchrung eines Energiemanagementsystems (EnMS) zur kontinuierlichen Steigerung der [&hellip;]<\/p>\n","protected":false},"author":2,"featured_media":0,"comment_status":"closed","ping_status":"closed","sticky":false,"template":"","format":"standard","meta":{"footnotes":""},"categories":[180,178],"tags":[185,186,187,181,182,183,184],"class_list":["post-1323","post","type-post","status-publish","format-standard","hentry","category-news","category-archiv","tag-industrie","tag-iso50001","tag-stromsteuergesetz","tag-eeg","tag-energieeffizienz","tag-energiemanagement","tag-energiesteuergesetz"],"_links":{"self":[{"href":"https:\/\/www.gallehr.de\/de\/wp-json\/wp\/v2\/posts\/1323","targetHints":{"allow":["GET"]}}],"collection":[{"href":"https:\/\/www.gallehr.de\/de\/wp-json\/wp\/v2\/posts"}],"about":[{"href":"https:\/\/www.gallehr.de\/de\/wp-json\/wp\/v2\/types\/post"}],"author":[{"embeddable":true,"href":"https:\/\/www.gallehr.de\/de\/wp-json\/wp\/v2\/users\/2"}],"replies":[{"embeddable":true,"href":"https:\/\/www.gallehr.de\/de\/wp-json\/wp\/v2\/comments?post=1323"}],"version-history":[{"count":0,"href":"https:\/\/www.gallehr.de\/de\/wp-json\/wp\/v2\/posts\/1323\/revisions"}],"wp:attachment":[{"href":"https:\/\/www.gallehr.de\/de\/wp-json\/wp\/v2\/media?parent=1323"}],"wp:term":[{"taxonomy":"category","embeddable":true,"href":"https:\/\/www.gallehr.de\/de\/wp-json\/wp\/v2\/categories?post=1323"},{"taxonomy":"post_tag","embeddable":true,"href":"https:\/\/www.gallehr.de\/de\/wp-json\/wp\/v2\/tags?post=1323"}],"curies":[{"name":"wp","href":"https:\/\/api.w.org\/{rel}","templated":true}]}}